{"id":1768,"date":"2026-04-28T22:54:49","date_gmt":"2026-04-29T01:54:49","guid":{"rendered":"https:\/\/agoracariri.bops.com.br\/?p=1768"},"modified":"2026-04-28T22:54:49","modified_gmt":"2026-04-29T01:54:49","slug":"cratera-se-abre-apos-fortes-chuvas-e-rodovia-pb-032-e-interditada-parcialmente-na-paraiba","status":"publish","type":"post","link":"https:\/\/agoracariri.bops.com.br\/?p=1768","title":{"rendered":"Cratera se abre ap\u00f3s fortes chuvas e rodovia PB-032 \u00e9 interditada parcialmente, na Para\u00edba"},"content":{"rendered":"<p>Cratera se abre ap\u00f3s fortes chuvas e rodovia PB-032 \u00e9 interditada parcialmente, na Para\u00edba TV Cabo Branco Uma cretera se abriu ap\u00f3s fortes chuvas ca\u00edram sobre o litoral da Para\u00edba nesta ter\u00e7a-feira (28) e interditou a rodovia PB-032, que d\u00e1 acesso ao munic\u00edpio de Pedras de Fogo. A interdi\u00e7\u00e3o foi feita pelo  Departamento de Estradas de Rodagem da Para\u00edba (DER-PB).<\/p>\n<p>N\u00e3o h\u00e1 data para o reparo no local ser iniciado e finalizado. V\u00eddeos em alta no g1 Transtornos causados pela chuva em Jo\u00e3o Pessoa Choveu 150 mil\u00edmetros em Jo\u00e3o Pessoa nas \u00faltimas 12 horas, de acordo com a Defesa Civil Municipal. Com a quantidade de chuvas, v\u00e1rios pontos de alagamentos foram registrados nesta ter\u00e7a-feira (28).<\/p>\n<p>A \u00e1rea mais afetada foi a Zona Sul, onde bairros como Grot\u00e3o e Cui\u00e1 registraram 142,6 mm e 114,4 mm no mesmo per\u00edodo. O Instituto Nacional de Meteorologia (Inmet) renovou um alerta amarelo de chuvas intensas v\u00e1lidos para todas as cidades da Para\u00edba, que compreende este per\u00edodo. Os pontos de alagamento registrados foram v\u00e1rios na capital.<\/p>\n<p>No bairro Colinas do Sul, um casal de idosos chegou a ficar ilhado dentro de casa por conta das fortes chuvas. No bairro Novo Mil\u00eanio, um \u00f4nibus ficou ilhado e passageiros precisaram ser resgatados pelo Corpo de Bombeiros em um bote. No bairro do Mu\u00e7umagro, sete casas ficaram alagadas, e uma idosa precisou de aux\u00edlio do Corpo de Bombeiros.<\/p>\n<p>Al\u00e9m dos alagamentos, a Superintend\u00eancia Executiva de Mobilidade Urbana (Semob-JP) registrou problemas em sem\u00e1foros na Rua Cardoso Vieira, no Centro; no Ret\u00e3o de Mana\u00edra; e na Avenida Ruy Carneiro. As equipes semaf\u00f3ricas foram rapidamente deslocadas e restabeleceram os equipamentos. Tamb\u00e9m houve registro de queda de \u00e1rvores, sendo uma no bairro do Cabo Branco e outra no anel vi\u00e1rio da UFPB, no Castelo Branco.<\/p>\n","protected":false},"excerpt":{"rendered":"<p>Cratera se abre ap\u00f3s fortes chuvas e rodovia PB-032 \u00e9 interditada parcialmente, na Para\u00edba TV Cabo Branco Uma cretera se abriu ap\u00f3s fortes chuvas ca\u00edram sobre o litoral da Para\u00edba nesta ter\u00e7a-feira (28) e interditou a rodovia PB-032, que d\u00e1 acesso ao munic\u00edpio de Pedras de Fogo. A interdi\u00e7\u00e3o foi feita pelo Departamento de Estradas [&hellip;]<\/p>\n","protected":false},"author":1,"featured_media":1769,"comment_status":"open","ping_status":"open","sticky":false,"template":"","format":"standard","meta":{"footnotes":""},"categories":[1],"tags":[],"class_list":["post-1768","post","type-post","status-publish","format-standard","has-post-thumbnail","hentry","category-brasil"],"_links":{"self":[{"href":"https:\/\/agoracariri.bops.com.br\/index.php?rest_route=\/wp\/v2\/posts\/1768","targetHints":{"allow":["GET"]}}],"collection":[{"href":"https:\/\/agoracariri.bops.com.br\/index.php?rest_route=\/wp\/v2\/posts"}],"about":[{"href":"https:\/\/agoracariri.bops.com.br\/index.php?rest_route=\/wp\/v2\/types\/post"}],"author":[{"embeddable":true,"href":"https:\/\/agoracariri.bops.com.br\/index.php?rest_route=\/wp\/v2\/users\/1"}],"replies":[{"embeddable":true,"href":"https:\/\/agoracariri.bops.com.br\/index.php?rest_route=%2Fwp%2Fv2%2Fcomments&post=1768"}],"version-history":[{"count":1,"href":"https:\/\/agoracariri.bops.com.br\/index.php?rest_route=\/wp\/v2\/posts\/1768\/revisions"}],"predecessor-version":[{"id":1776,"href":"https:\/\/agoracariri.bops.com.br\/index.php?rest_route=\/wp\/v2\/posts\/1768\/revisions\/1776"}],"wp:featuredmedia":[{"embeddable":true,"href":"https:\/\/agoracariri.bops.com.br\/index.php?rest_route=\/wp\/v2\/media\/1769"}],"wp:attachment":[{"href":"https:\/\/agoracariri.bops.com.br\/index.php?rest_route=%2Fwp%2Fv2%2Fmedia&parent=1768"}],"wp:term":[{"taxonomy":"category","embeddable":true,"href":"https:\/\/agoracariri.bops.com.br\/index.php?rest_route=%2Fwp%2Fv2%2Fcategories&post=1768"},{"taxonomy":"post_tag","embeddable":true,"href":"https:\/\/agoracariri.bops.com.br\/index.php?rest_route=%2Fwp%2Fv2%2Ftags&post=1768"}],"curies":[{"name":"wp","href":"https:\/\/api.w.org\/{rel}","templated":true}]}}