{"id":1766,"date":"2026-04-28T21:36:33","date_gmt":"2026-04-29T00:36:33","guid":{"rendered":"http:\/\/agoracariri.bops.com.br\/?p=1766"},"modified":"2026-04-28T21:55:59","modified_gmt":"2026-04-29T00:55:59","slug":"policia-realiza-buscas-em-area-de-mata-no-sexto-dia-de-idosa-desaparecida-apos-sair-com-amigo-na-grande-joao-pessoa","status":"publish","type":"post","link":"https:\/\/agoracariri.bops.com.br\/?p=1766","title":{"rendered":"Pol\u00edcia realiza buscas em \u00e1rea de mata no sexto dia de idosa desaparecida ap\u00f3s sair com amigo, na Grande Jo\u00e3o Pessoa"},"content":{"rendered":"<p>Per\u00edcia \u00e9 realizada em casa e carro de amigo de idosa que desapareceu na Grande JP A Pol\u00edcia Civil realizou buscas pela idosa Milce Daniel Pessoa, de 72 anos, em uma regi\u00e3o de mata no bairro Alto da Boa Vista, em Bayeux, na Grande Jo\u00e3o Pessoa, na tarde desta ter\u00e7a-feira (28). A idosa est\u00e1 desparecida desde a manh\u00e3 da quarta-feira (22), ap\u00f3s acompanhar um amigo em uma consulta m\u00e9dica.<\/p>\n<p>Ele refez o trajeto que disse ter percorrido desde a sa\u00edda do hospital at\u00e9 o momento do sumi\u00e7o, ocorrido por volta das 13h. O objetivo foi entender melhor o intervalo de tempo entre a sa\u00edda da unidade de sa\u00fade e o desaparecimento. At\u00e9 a \u00faltima atualiza\u00e7\u00e3o desta reportagem, o idoso continuava sendo ouvido ap\u00f3s ser levado para a delegacia de Bayeux, &quot;com novos questionamentos&quot;, segundo o delegado.<\/p>\n<p>Ele n\u00e3o \u00e9 considerado suspeito e o delegado afirma que o homem tem colaborado com o caso e vem sendo ouvido recorrentemente porque foi a \u00faltima pessoa que a idosa viu. O caso segue sendo tratado como desaparecimento. &quot;Por enquanto o caso est\u00e1 sendo tratado como desaparecimento. Certamente n\u00e3o vamos anular, deixar de lado outras linhas de investiga\u00e7\u00e3o, a pol\u00edcia ela trabalha com o leque aberto, mas o caso por enquanto vai ser tratado como desaparecimento, mas em qualquer momento isso pode virar e ser tratado como homic\u00eddio ou outro delito&quot;, disse o delegado.<\/p>\n<p>Imagens de c\u00e2meras de seguran\u00e7a do Hospital Metropolitano foram colhidas e, segundo o delegado, mostram que a idosa esteve realmente no local no dia do desaparecimento, at\u00e9 \u00e0s 11h. Um segundo homem, que teria ajudado o amigo da idosa ap\u00f3s o sumi\u00e7o em buscas iniciais tamb\u00e9m vai ser ouvido pela Pol\u00edcia Civil, na quarta-feira (29).<\/p>\n<p>O delegado disse, no entanto, que ele \u00e9 apenas uma pessoa sendo ouvida. O desaparecimento Idosa desaparece ap\u00f3s acompanhar amigo em consulta m\u00e9dica, em Jo\u00e3o Pessoa Reprodu\u00e7\u00e3o Uma idosa identificada como Milce Daniel Pessoa, de 72 anos, desapareceu ap\u00f3s acompanhar um amigo e vizinho em uma consulta m\u00e9dica no Hospital Metropolitano, entre as cidades de Santa Rita e Bayeux, na Grande Jo\u00e3o Pessoa.<\/p>\n<p>O desaparecimento aconteceu na quarta-feira (22) pela manh\u00e3. A filha contou que o homem disse que ambos foram para aquela regi\u00e3o para pegar manga, pois a idosa teria argumentado que estava com fome e queria comer a fruta. Por\u00e9m, ao se abaixar no processo de retirada da manga da \u00e1rvore, o homem n\u00e3o visualizou mais a idosa.<\/p>\n<p>Um boletim de ocorr\u00eancia foi realizado na Pol\u00edcia Civil, que investiga o caso desde ent\u00e3o. O Corpo de Bombeiros chegou a realizar uma busca na \u00e1rea em que a idosa desapareceu, nesta sexta-feira (24), mas n\u00e3o a encontrou. O que diz o amigo da idosa Caso de idosa desaparecida avan\u00e7a com per\u00edcia em Bayeux (PB) O amigo da idosa, Willis do Carmo, falou oficialmente no inqu\u00e9rito da Pol\u00edcia Civil, em depoimento colhido na segunda-feira (27), na delegacia de Bayeux, na Grande Jo\u00e3o Pessoa.<\/p>\n<p>Em entrevista para a TV Cabo Branco, o homem disse que a mulher sumiu \u201cnum piscar de olhos\u201d, enquanto os dois apanhavam mangas. \u201cNum piscar de olhos, como se fosse um descuido com uma crian\u00e7a. A\u00ed eu procurei ela, depois que juntei as 26 mangas, mais ou menos. A\u00ed a mulher desapareceu\u201d, afirmou Willis.<\/p>\n<p>A aposentada havia acompanhado o amigo e vizinho em um exame no Hospital Metropolitano Dom Jos\u00e9 Maria Pires. Segundo ele, na volta, os dois desceram do carro para pegar mangas em uma \u00e1rea pr\u00f3xima ao bairro onde residem, em Bayeux. Ap\u00f3s perceber o desaparecimento da amiga, Willis do Carmo foi at\u00e9 a resid\u00eancia dela, onde a idosa morava com uma das filhas, para informar a fam\u00edlia.<\/p>\n<p>Em seguida, a Pol\u00edcia Civil foi acionada. O amigo de Milce afirmou que parou para apanhar mangas para atender a um desejo dela, com quem mant\u00e9m amizade h\u00e1 pelo menos 40 anos. \u201cA justi\u00e7a tem que saber que eu fui fazer o gosto dela, que ela \u00e9 louca por manga, todo mundo sabe que ela \u00e9 louca por manga\u201d, relatou.<\/p>\n<p>As investiga\u00e7\u00f5es da pol\u00edcia Pol\u00edcia realiza per\u00edcia em casa e no carro de amigo de idosa desaparecida na Grande Jo\u00e3o Pessoa Diogo Pinheiro\/TV Cabo Branco Desde a abertura do boletim de ocorr\u00eancia do desaparecimento da idosa por parte da fam\u00edlia, a Pol\u00edcia Civil come\u00e7ou a investigar a situa\u00e7\u00e3o. Na segunda-feira (27), al\u00e9m de colher o depoimento do idoso, uma per\u00edcia foi realizada na casa dele e tamb\u00e9m no carro.<\/p>\n<p>Foram encontrados durante a per\u00edcia,  dentro do carro do homem, fios de cabelo e tamb\u00e9m o que aparenta ser um peda\u00e7o de tecido na mesma cor do vestido que a idosa usava quando desapareceu, durante as per\u00edcias realizadas pelo Instituto de Pol\u00edcia Cient\u00edfica da Para\u00edba (IPC-PB). Esse material foi recolhido para an\u00e1lise.<\/p>\n<p>Ainda n\u00e3o se sabe de quem era esse material. &quot;A per\u00edcia aqui faz um levantamento de microvest\u00edgios, ela examina qualquer objeto dentro do ve\u00edculo que pode estar sendo ao fato relacionado e investigado, procura manchas semelhantes a sangue, pelos, que podem ser examinados como relacionados ao pelo humano, ou outros vest\u00edgios do tipo&quot;, explicou Elaine Soares, perita do IPC Sobre os fios de cabelo encontrados, a perita explicou que o material vai para an\u00e1lise laboratorial e &quot;serem relacionados ou n\u00e3o&quot; com o caso.<\/p>\n","protected":false},"excerpt":{"rendered":"<p>Per\u00edcia \u00e9 realizada em casa e carro de amigo de idosa que desapareceu na Grande JP A Pol\u00edcia Civil realizou buscas pela idosa Milce Daniel Pessoa, de 72 anos, em uma regi\u00e3o de mata no bairro Alto da Boa Vista, em Bayeux, na Grande Jo\u00e3o Pessoa, na tarde desta ter\u00e7a-feira (28). A idosa est\u00e1 desparecida [&hellip;]<\/p>\n","protected":false},"author":1,"featured_media":1767,"comment_status":"open","ping_status":"open","sticky":false,"template":"","format":"standard","meta":{"footnotes":""},"categories":[4],"tags":[5],"class_list":["post-1766","post","type-post","status-publish","format-standard","has-post-thumbnail","hentry","category-policial","tag-destaque"],"_links":{"self":[{"href":"https:\/\/agoracariri.bops.com.br\/index.php?rest_route=\/wp\/v2\/posts\/1766","targetHints":{"allow":["GET"]}}],"collection":[{"href":"https:\/\/agoracariri.bops.com.br\/index.php?rest_route=\/wp\/v2\/posts"}],"about":[{"href":"https:\/\/agoracariri.bops.com.br\/index.php?rest_route=\/wp\/v2\/types\/post"}],"author":[{"embeddable":true,"href":"https:\/\/agoracariri.bops.com.br\/index.php?rest_route=\/wp\/v2\/users\/1"}],"replies":[{"embeddable":true,"href":"https:\/\/agoracariri.bops.com.br\/index.php?rest_route=%2Fwp%2Fv2%2Fcomments&post=1766"}],"version-history":[{"count":1,"href":"https:\/\/agoracariri.bops.com.br\/index.php?rest_route=\/wp\/v2\/posts\/1766\/revisions"}],"predecessor-version":[{"id":1773,"href":"https:\/\/agoracariri.bops.com.br\/index.php?rest_route=\/wp\/v2\/posts\/1766\/revisions\/1773"}],"wp:featuredmedia":[{"embeddable":true,"href":"https:\/\/agoracariri.bops.com.br\/index.php?rest_route=\/wp\/v2\/media\/1767"}],"wp:attachment":[{"href":"https:\/\/agoracariri.bops.com.br\/index.php?rest_route=%2Fwp%2Fv2%2Fmedia&parent=1766"}],"wp:term":[{"taxonomy":"category","embeddable":true,"href":"https:\/\/agoracariri.bops.com.br\/index.php?rest_route=%2Fwp%2Fv2%2Fcategories&post=1766"},{"taxonomy":"post_tag","embeddable":true,"href":"https:\/\/agoracariri.bops.com.br\/index.php?rest_route=%2Fwp%2Fv2%2Ftags&post=1766"}],"curies":[{"name":"wp","href":"https:\/\/api.w.org\/{rel}","templated":true}]}}