{"id":1762,"date":"2026-04-28T20:37:32","date_gmt":"2026-04-28T23:37:32","guid":{"rendered":"http:\/\/agoracariri.bops.com.br\/?p=1762"},"modified":"2026-04-28T20:37:32","modified_gmt":"2026-04-28T23:37:32","slug":"suspeito-de-matar-miss-trans-paraiba-e-preso-policia-aponta-feminicidio","status":"publish","type":"post","link":"https:\/\/agoracariri.bops.com.br\/?p=1762","title":{"rendered":"Suspeito de matar Miss Trans Para\u00edba \u00e9 preso; pol\u00edcia aponta feminic\u00eddio"},"content":{"rendered":"<p>Maria Clara Azevedo foi encontrada morta no bairro das Trincheiras Reprodu\u00e7\u00e3o\/Redes sociais Um homem de 28 anos, suspeito de matar a Miss Trans Para\u00edba, Maria Clara Azevedo, de 32 anos, foi preso nesta ter\u00e7a-feira (28) pela Pol\u00edcia Civil, ele foi localizado no bairro do Varadouro, em Jo\u00e3o Pessoa. A ordem de pris\u00e3o foi expedida pelo Tribunal de Justi\u00e7a da Para\u00edba, pelo crime de feminic\u00eddio.<\/p>\n<p>O nome do preso n\u00e3o foi divulgado. A  pol\u00edcia tamb\u00e9m n\u00e3o detalhou as poss\u00edveis raz\u00f5es do crime. Ap\u00f3s a pris\u00e3o, o investigado foi encaminhado \u00e0 carceragem da Pol\u00edcia Civil, onde permanecer\u00e1 \u00e0 disposi\u00e7\u00e3o da Justi\u00e7a, aguardando a audi\u00eancia de cust\u00f3dia. De acordo com a pol\u00edcia, as investiga\u00e7\u00f5es seguem em andamento para a completa resolu\u00e7\u00e3o dos fatos.<\/p>\n<p>Relembre o caso Maria Clara foi morta a golpes de arma branca, e encontrada por vizinhos no dia 29 de setembro de 2025 dentro de sua casa, no bairro das Trincheiras, no Centro de Jo\u00e3o Pessoa, com o corpo j\u00e1 em estado de decomposi\u00e7\u00e3o. A per\u00edcia identificou \u00e0 \u00e9poca sinais de luta corporal tanto no local do crime, como tamb\u00e9m no corpo da v\u00edtima.<\/p>\n<p>Alguns desses sinais foram arranh\u00f5es no corpo da v\u00edtima, al\u00e9m de copos quebrados e casa revirada. Tamb\u00e9m foi constatado que o cadeado da casa da v\u00edtima estava quebrado. Pelo estado avan\u00e7ado de decomposi\u00e7\u00e3o do corpo, a per\u00edcia concluiu que a morte aconteceu na madrugada da sexta-feira (26) para o s\u00e1bado (27).<\/p>\n","protected":false},"excerpt":{"rendered":"<p>Maria Clara Azevedo foi encontrada morta no bairro das Trincheiras Reprodu\u00e7\u00e3o\/Redes sociais Um homem de 28 anos, suspeito de matar a Miss Trans Para\u00edba, Maria Clara Azevedo, de 32 anos, foi preso nesta ter\u00e7a-feira (28) pela Pol\u00edcia Civil, ele foi localizado no bairro do Varadouro, em Jo\u00e3o Pessoa. A ordem de pris\u00e3o foi expedida pelo [&hellip;]<\/p>\n","protected":false},"author":1,"featured_media":0,"comment_status":"open","ping_status":"open","sticky":false,"template":"","format":"standard","meta":{"footnotes":""},"categories":[4],"tags":[],"class_list":["post-1762","post","type-post","status-publish","format-standard","hentry","category-policial"],"_links":{"self":[{"href":"https:\/\/agoracariri.bops.com.br\/index.php?rest_route=\/wp\/v2\/posts\/1762","targetHints":{"allow":["GET"]}}],"collection":[{"href":"https:\/\/agoracariri.bops.com.br\/index.php?rest_route=\/wp\/v2\/posts"}],"about":[{"href":"https:\/\/agoracariri.bops.com.br\/index.php?rest_route=\/wp\/v2\/types\/post"}],"author":[{"embeddable":true,"href":"https:\/\/agoracariri.bops.com.br\/index.php?rest_route=\/wp\/v2\/users\/1"}],"replies":[{"embeddable":true,"href":"https:\/\/agoracariri.bops.com.br\/index.php?rest_route=%2Fwp%2Fv2%2Fcomments&post=1762"}],"version-history":[{"count":1,"href":"https:\/\/agoracariri.bops.com.br\/index.php?rest_route=\/wp\/v2\/posts\/1762\/revisions"}],"predecessor-version":[{"id":1772,"href":"https:\/\/agoracariri.bops.com.br\/index.php?rest_route=\/wp\/v2\/posts\/1762\/revisions\/1772"}],"wp:attachment":[{"href":"https:\/\/agoracariri.bops.com.br\/index.php?rest_route=%2Fwp%2Fv2%2Fmedia&parent=1762"}],"wp:term":[{"taxonomy":"category","embeddable":true,"href":"https:\/\/agoracariri.bops.com.br\/index.php?rest_route=%2Fwp%2Fv2%2Fcategories&post=1762"},{"taxonomy":"post_tag","embeddable":true,"href":"https:\/\/agoracariri.bops.com.br\/index.php?rest_route=%2Fwp%2Fv2%2Ftags&post=1762"}],"curies":[{"name":"wp","href":"https:\/\/api.w.org\/{rel}","templated":true}]}}