{"id":1758,"date":"2026-04-28T19:12:04","date_gmt":"2026-04-28T22:12:04","guid":{"rendered":"http:\/\/agoracariri.bops.com.br\/?p=1758"},"modified":"2026-04-28T19:12:04","modified_gmt":"2026-04-28T22:12:04","slug":"justica-determina-que-ufpb-e-ifpb-apliquem-lei-de-cotas-em-todos-os-processos-seletivos-entenda","status":"publish","type":"post","link":"https:\/\/agoracariri.bops.com.br\/?p=1758","title":{"rendered":"Justi\u00e7a determina que UFPB e IFPB apliquem Lei de Cotas em todos os processos seletivos; entenda"},"content":{"rendered":"<p>Centro de Tecnologia da UFPB em Jo\u00e3o Pessoa Ang\u00e9lica Gouveia\/UFPB A Justi\u00e7a Federal determinou que a Universidade Federal da Para\u00edba (UFPB) e o Instituto Federal da Para\u00edba (IFPB) adotem, de forma imediata, a reserva de vagas prevista na Lei de Cotas em todos os processos seletivos, atendendo a pedido do Minist\u00e9rio P\u00fablico Federal (MPF).<\/p>\n<p>A medida foi adotada apenas pela Universidade Federal de Campina Grande (UFCG). J\u00e1 a UFPB e o IFPB sustentaram que a legisla\u00e7\u00e3o se aplicaria somente ao ingresso inicial, como vestibular e Sisu, e que a amplia\u00e7\u00e3o poderia gerar distor\u00e7\u00f5es e aumento de burocracia. O MPF, por sua vez, argumentou que a Constitui\u00e7\u00e3o n\u00e3o prev\u00ea limita\u00e7\u00f5es desse tipo e assegura a pol\u00edtica de cotas para pessoas pretas, pardas, ind\u00edgenas e com defici\u00eancia em todas as formas de acesso ao ensino superior.<\/p>\n<p>V\u00eddeos em alta no g1 \u201cPorta dos fundos\u201d Ao analisar o caso, a Justi\u00e7a Federal rejeitou a interpreta\u00e7\u00e3o das institui\u00e7\u00f5es e destacou que o preenchimento de vagas remanescentes configura um novo processo seletivo competitivo. Segundo a decis\u00e3o, deixar de aplicar as cotas nesses casos criaria uma \u201cporta dos fundos\u201d que comprometeria a pol\u00edtica de inclus\u00e3o e favoreceria candidatos de maior poder aquisitivo.<\/p>\n<p>A decis\u00e3o tamb\u00e9m cita a atualiza\u00e7\u00e3o da legisla\u00e7\u00e3o pela Lei n\u00ba 14.723\/2023, que ampliou as a\u00e7\u00f5es afirmativas at\u00e9 para a p\u00f3s-gradua\u00e7\u00e3o. Para a Justi\u00e7a, seria contradit\u00f3rio n\u00e3o aplicar a pol\u00edtica de cotas justamente nos processos de ocupa\u00e7\u00e3o de vagas ociosas. Trecho da liminar afirma que o sistema de cotas deve funcionar como um \u201cprinc\u00edpio transversal de diversidade e inclus\u00e3o\u201d, v\u00e1lido para todas as formas de concorr\u00eancia por vagas nas institui\u00e7\u00f5es federais.<\/p>\n<p>O que muda Com a decis\u00e3o, UFPB e IFPB devem: implementar imediatamente o sistema de cotas em todos os processos seletivos; adaptar editais em andamento e futuros; incluir a reserva de vagas tamb\u00e9m em sele\u00e7\u00f5es para vagas remanescentes. A medida alcan\u00e7a, inclusive, processos previstos em normas internas da UFPB que tratavam de sele\u00e7\u00e3o sem cotas para o segundo semestre de 2026.<\/p>\n","protected":false},"excerpt":{"rendered":"<p>Centro de Tecnologia da UFPB em Jo\u00e3o Pessoa Ang\u00e9lica Gouveia\/UFPB A Justi\u00e7a Federal determinou que a Universidade Federal da Para\u00edba (UFPB) e o Instituto Federal da Para\u00edba (IFPB) adotem, de forma imediata, a reserva de vagas prevista na Lei de Cotas em todos os processos seletivos, atendendo a pedido do Minist\u00e9rio P\u00fablico Federal (MPF). A [&hellip;]<\/p>\n","protected":false},"author":1,"featured_media":1759,"comment_status":"open","ping_status":"open","sticky":false,"template":"","format":"standard","meta":{"footnotes":""},"categories":[1],"tags":[],"class_list":["post-1758","post","type-post","status-publish","format-standard","has-post-thumbnail","hentry","category-brasil"],"_links":{"self":[{"href":"https:\/\/agoracariri.bops.com.br\/index.php?rest_route=\/wp\/v2\/posts\/1758","targetHints":{"allow":["GET"]}}],"collection":[{"href":"https:\/\/agoracariri.bops.com.br\/index.php?rest_route=\/wp\/v2\/posts"}],"about":[{"href":"https:\/\/agoracariri.bops.com.br\/index.php?rest_route=\/wp\/v2\/types\/post"}],"author":[{"embeddable":true,"href":"https:\/\/agoracariri.bops.com.br\/index.php?rest_route=\/wp\/v2\/users\/1"}],"replies":[{"embeddable":true,"href":"https:\/\/agoracariri.bops.com.br\/index.php?rest_route=%2Fwp%2Fv2%2Fcomments&post=1758"}],"version-history":[{"count":1,"href":"https:\/\/agoracariri.bops.com.br\/index.php?rest_route=\/wp\/v2\/posts\/1758\/revisions"}],"predecessor-version":[{"id":1765,"href":"https:\/\/agoracariri.bops.com.br\/index.php?rest_route=\/wp\/v2\/posts\/1758\/revisions\/1765"}],"wp:featuredmedia":[{"embeddable":true,"href":"https:\/\/agoracariri.bops.com.br\/index.php?rest_route=\/wp\/v2\/media\/1759"}],"wp:attachment":[{"href":"https:\/\/agoracariri.bops.com.br\/index.php?rest_route=%2Fwp%2Fv2%2Fmedia&parent=1758"}],"wp:term":[{"taxonomy":"category","embeddable":true,"href":"https:\/\/agoracariri.bops.com.br\/index.php?rest_route=%2Fwp%2Fv2%2Fcategories&post=1758"},{"taxonomy":"post_tag","embeddable":true,"href":"https:\/\/agoracariri.bops.com.br\/index.php?rest_route=%2Fwp%2Fv2%2Ftags&post=1758"}],"curies":[{"name":"wp","href":"https:\/\/api.w.org\/{rel}","templated":true}]}}