{"id":1754,"date":"2026-04-28T18:11:51","date_gmt":"2026-04-28T21:11:51","guid":{"rendered":"http:\/\/agoracariri.bops.com.br\/?p=1754"},"modified":"2026-04-28T18:11:51","modified_gmt":"2026-04-28T21:11:51","slug":"morre-jovem-que-invadiu-contramao-em-acidente-entre-carros-que-vitimou-familia-no-sertao-da-paraiba","status":"publish","type":"post","link":"https:\/\/agoracariri.bops.com.br\/?p=1754","title":{"rendered":"Morre jovem que invadiu contram\u00e3o em acidente entre carros que vitimou fam\u00edlia, no Sert\u00e3o da Para\u00edba"},"content":{"rendered":"<p>Pai, filho e av\u00f3 morrem em batida entre dois carros no Sert\u00e3o da Para\u00edba Reprodu\u00e7\u00e3o \/ Pol\u00edcia Militar da Para\u00edba Morreu um jovem de 25 anos, identificado como F\u00e1bio Vieira Avelino, envolvido na colis\u00e3o entre dois carros, que deixou quatro pessoas da mesma fam\u00edlia mortas, na cidade de Matur\u00e9ia, no Sert\u00e3o da Para\u00edba.<\/p>\n<p>Tamb\u00e9m conforme a corpora\u00e7\u00e3o, ele estava com a Carteira de Habilita\u00e7\u00e3o vencida. De acordo com o Hospital Regional de Patos, o \u00f3bito de F\u00e1bio aconteceu por volta das 3h30. As causas n\u00e3o foram divulgadas. Na semana passada, Alfredo Tavares, um idoso, tamb\u00e9m morreu ap\u00f3s ficar alguns dias internados. Ele era pai de Edinaldo Gomes Tavares, que morreu no local do acidente, junto com o filho de sete meses, e esposo de Raimunda Gomes Tavares, de 76 anos, que tamb\u00e9m n\u00e3o resistiu aos ferimentos e morreu no hospital.<\/p>\n<p>De acordo com a unidade de sa\u00fade, o idoso n\u00e3o resistiu aos ferimentos e morreu por volta das 19h30 do dia 22 de mar\u00e7o. A causa da morte tamb\u00e9m n\u00e3o foi divulgada. Em um boletim m\u00e9dico anterior a morte, emitido pelo hospital, foi informado que o idoso estava no primeiro dia de recupera\u00e7\u00e3o de uma cirurgia de laparotomia, onde ele retirou o ba\u00e7o.<\/p>\n<p>Veja os v\u00eddeos que est\u00e3o em alta no g1 O acidente Uma colis\u00e3o entre dois carros deixou tr\u00eas pessoas da mesma fam\u00edlia mortas ap\u00f3s um acidente registrado por volta das 21h30 da segunda-feira (20), na cidade de Matur\u00e9ia, no Sert\u00e3o da Para\u00edba. Segundo a Pol\u00edcia Militar, no ve\u00edculo atingido estavam seis pessoas, entre elas um beb\u00ea rec\u00e9m-nascido e o pai Edinaldo Gomes Tavares, de 40 anos, que morreram no local.<\/p>\n<p>A av\u00f3 do beb\u00ea, Raimunda Gomes Tavares, de 76 anos, morreu no hospital ap\u00f3s dar entrada para atendimento m\u00e9dico, no mesmo dia. Segundo informa\u00e7\u00f5es colhidas pela Pol\u00edcia Militar no local, F\u00e1bio Vieira Avelino, de 25 anos, que estava no outro carro, invadiu a contram\u00e3o da rodovia e bateu no carro onde estavam as seis pessoas.<\/p>\n<p>A PM informou, ainda, que ele estava com a Carteira Nacional de Habilita\u00e7\u00e3o (CNH) vencida, desde outubro de 2025. Equipes da Pol\u00edcia Civil estiveram presentes na ocorr\u00eancia. O local foi isolado para os procedimentos periciais, e os corpos foram encaminhados ao Instituto de Pol\u00edcia Cient\u00edfica (IPC). As circunst\u00e2ncias do acidente ser\u00e3o investigadas.<\/p>\n","protected":false},"excerpt":{"rendered":"<p>Pai, filho e av\u00f3 morrem em batida entre dois carros no Sert\u00e3o da Para\u00edba Reprodu\u00e7\u00e3o \/ Pol\u00edcia Militar da Para\u00edba Morreu um jovem de 25 anos, identificado como F\u00e1bio Vieira Avelino, envolvido na colis\u00e3o entre dois carros, que deixou quatro pessoas da mesma fam\u00edlia mortas, na cidade de Matur\u00e9ia, no Sert\u00e3o da Para\u00edba. Tamb\u00e9m conforme [&hellip;]<\/p>\n","protected":false},"author":1,"featured_media":1755,"comment_status":"open","ping_status":"open","sticky":false,"template":"","format":"standard","meta":{"footnotes":""},"categories":[4],"tags":[],"class_list":["post-1754","post","type-post","status-publish","format-standard","has-post-thumbnail","hentry","category-policial"],"_links":{"self":[{"href":"https:\/\/agoracariri.bops.com.br\/index.php?rest_route=\/wp\/v2\/posts\/1754","targetHints":{"allow":["GET"]}}],"collection":[{"href":"https:\/\/agoracariri.bops.com.br\/index.php?rest_route=\/wp\/v2\/posts"}],"about":[{"href":"https:\/\/agoracariri.bops.com.br\/index.php?rest_route=\/wp\/v2\/types\/post"}],"author":[{"embeddable":true,"href":"https:\/\/agoracariri.bops.com.br\/index.php?rest_route=\/wp\/v2\/users\/1"}],"replies":[{"embeddable":true,"href":"https:\/\/agoracariri.bops.com.br\/index.php?rest_route=%2Fwp%2Fv2%2Fcomments&post=1754"}],"version-history":[{"count":1,"href":"https:\/\/agoracariri.bops.com.br\/index.php?rest_route=\/wp\/v2\/posts\/1754\/revisions"}],"predecessor-version":[{"id":1763,"href":"https:\/\/agoracariri.bops.com.br\/index.php?rest_route=\/wp\/v2\/posts\/1754\/revisions\/1763"}],"wp:featuredmedia":[{"embeddable":true,"href":"https:\/\/agoracariri.bops.com.br\/index.php?rest_route=\/wp\/v2\/media\/1755"}],"wp:attachment":[{"href":"https:\/\/agoracariri.bops.com.br\/index.php?rest_route=%2Fwp%2Fv2%2Fmedia&parent=1754"}],"wp:term":[{"taxonomy":"category","embeddable":true,"href":"https:\/\/agoracariri.bops.com.br\/index.php?rest_route=%2Fwp%2Fv2%2Fcategories&post=1754"},{"taxonomy":"post_tag","embeddable":true,"href":"https:\/\/agoracariri.bops.com.br\/index.php?rest_route=%2Fwp%2Fv2%2Ftags&post=1754"}],"curies":[{"name":"wp","href":"https:\/\/api.w.org\/{rel}","templated":true}]}}