{"id":1751,"date":"2026-04-28T16:57:54","date_gmt":"2026-04-28T19:57:54","guid":{"rendered":"http:\/\/agoracariri.bops.com.br\/?p=1751"},"modified":"2026-04-28T16:57:54","modified_gmt":"2026-04-28T19:57:54","slug":"motorista-de-caminhao-suspeito-de-atropelar-e-matar-irmaos-em-sousa-na-pb-se-apresenta-a-policia-e-vai-responder-em-liberdade","status":"publish","type":"post","link":"https:\/\/agoracariri.bops.com.br\/?p=1751","title":{"rendered":"Motorista de caminh\u00e3o suspeito de atropelar e matar irm\u00e3os em Sousa, na PB, se apresenta \u00e0 pol\u00edcia e vai responder em liberdade"},"content":{"rendered":"<p>Dois irm\u00e3os morrem ap\u00f3s atropelamento em Sousa, no Sert\u00e3o da Para\u00edba TV Para\u00edba O motorista do caminh\u00e3o compactador de lixo, suspeito de atropelar e matar dois irm\u00e3os no munic\u00edpio de Sousa, no Sert\u00e3o da Para\u00edba, se apresentou \u00e0 delegacia nesta segunda-feira (27). Durante o depoimento, ele apresentou sua Carteira Nacional de Habilita\u00e7\u00e3o (CNH) e deu sua vers\u00e3o sobre o ocorrido.<\/p>\n<p>Segundo a pol\u00edcia, o motorista vai responder em liberdade enquanto o caso segue sob investiga\u00e7\u00e3o. De acordo com o delegado respons\u00e1vel pelo caso,  Paulo de Tarso, o motorista afirmou que realizava uma convers\u00e3o \u00e0 direita em uma via pr\u00f3xima \u00e0 sua resid\u00eancia. Ele relatou que sinalizou a manobra e fez a compensa\u00e7\u00e3o necess\u00e1ria para entrar na rua, momento em que sentiu uma pancada, inicialmente interpretada como um impacto com o meio-fio ou algum obst\u00e1culo.<\/p>\n<p>Ainda conforme o depoimento, o motorista disse que parou o ve\u00edculo imediatamente e, ao verificar pelos retrovisores, percebeu que havia atingido as crian\u00e7as. Ele afirmou que entrou em desespero ao notar a situa\u00e7\u00e3o e a aglomera\u00e7\u00e3o de pessoas no local. Em seguida, foi at\u00e9 sua resid\u00eancia e acionou o Servi\u00e7o de Atendimento M\u00f3vel de Urg\u00eancia (Samu), solicitando socorro \u00e0s v\u00edtimas.<\/p>\n<p>O delegado informou que a investiga\u00e7\u00e3o aguarda a conclus\u00e3o dos laudos periciais, especialmente os relacionados ao local do acidente. Os exames devem esclarecer pontos como a exist\u00eancia de ponto cego, a velocidade do ve\u00edculo no momento da convers\u00e3o e outros elementos t\u00e9cnicos necess\u00e1rios para a completa elucida\u00e7\u00e3o do caso.<\/p>\n<p>Relembre o caso Atropelamento mata dois irm\u00e3os no Sert\u00e3o da Para\u00edba O acidente ocorreu no dia 20 de abril, quando os irm\u00e3os Jos\u00e9 Davi Rocha Alecrim, de 14 anos, e Maria Isis, de 8 anos, foram atropelados por um caminh\u00e3o compactador de lixo em Sousa. As v\u00edtimas estavam em uma bicicleta no momento da colis\u00e3o.<\/p>\n<p>Segundo informa\u00e7\u00f5es da Pol\u00edcia Civil, o caminh\u00e3o realizava uma convers\u00e3o \u00e0 direita quando teria atingido a bicicleta, que entrou de forma imediata na via. As crian\u00e7as foram atingidas pelo pneu traseiro do ve\u00edculo. Ap\u00f3s o acidente, o motorista deixou o local,  por medo de repres\u00e1lias, enquanto a equipe que o acompanhava permaneceu na \u00e1rea.<\/p>\n<p>Testemunhas foram ouvidas durante a investiga\u00e7\u00e3o. Em nota encaminhada \u00e0 Rede Para\u00edba, a Prefeitura de Sousa lamentou o ocorrido e manifestou profundo pesar pela morte das crian\u00e7as. A gest\u00e3o municipal informou que est\u00e1 prestando apoio \u00e0s fam\u00edlias e acompanhando o caso, al\u00e9m de colaborar com as autoridades respons\u00e1veis pela apura\u00e7\u00e3o dos fatos.<\/p>\n","protected":false},"excerpt":{"rendered":"<p>Dois irm\u00e3os morrem ap\u00f3s atropelamento em Sousa, no Sert\u00e3o da Para\u00edba TV Para\u00edba O motorista do caminh\u00e3o compactador de lixo, suspeito de atropelar e matar dois irm\u00e3os no munic\u00edpio de Sousa, no Sert\u00e3o da Para\u00edba, se apresentou \u00e0 delegacia nesta segunda-feira (27). Durante o depoimento, ele apresentou sua Carteira Nacional de Habilita\u00e7\u00e3o (CNH) e deu [&hellip;]<\/p>\n","protected":false},"author":1,"featured_media":1752,"comment_status":"open","ping_status":"open","sticky":false,"template":"","format":"standard","meta":{"footnotes":""},"categories":[4],"tags":[],"class_list":["post-1751","post","type-post","status-publish","format-standard","has-post-thumbnail","hentry","category-policial"],"_links":{"self":[{"href":"https:\/\/agoracariri.bops.com.br\/index.php?rest_route=\/wp\/v2\/posts\/1751","targetHints":{"allow":["GET"]}}],"collection":[{"href":"https:\/\/agoracariri.bops.com.br\/index.php?rest_route=\/wp\/v2\/posts"}],"about":[{"href":"https:\/\/agoracariri.bops.com.br\/index.php?rest_route=\/wp\/v2\/types\/post"}],"author":[{"embeddable":true,"href":"https:\/\/agoracariri.bops.com.br\/index.php?rest_route=\/wp\/v2\/users\/1"}],"replies":[{"embeddable":true,"href":"https:\/\/agoracariri.bops.com.br\/index.php?rest_route=%2Fwp%2Fv2%2Fcomments&post=1751"}],"version-history":[{"count":1,"href":"https:\/\/agoracariri.bops.com.br\/index.php?rest_route=\/wp\/v2\/posts\/1751\/revisions"}],"predecessor-version":[{"id":1760,"href":"https:\/\/agoracariri.bops.com.br\/index.php?rest_route=\/wp\/v2\/posts\/1751\/revisions\/1760"}],"wp:featuredmedia":[{"embeddable":true,"href":"https:\/\/agoracariri.bops.com.br\/index.php?rest_route=\/wp\/v2\/media\/1752"}],"wp:attachment":[{"href":"https:\/\/agoracariri.bops.com.br\/index.php?rest_route=%2Fwp%2Fv2%2Fmedia&parent=1751"}],"wp:term":[{"taxonomy":"category","embeddable":true,"href":"https:\/\/agoracariri.bops.com.br\/index.php?rest_route=%2Fwp%2Fv2%2Fcategories&post=1751"},{"taxonomy":"post_tag","embeddable":true,"href":"https:\/\/agoracariri.bops.com.br\/index.php?rest_route=%2Fwp%2Fv2%2Ftags&post=1751"}],"curies":[{"name":"wp","href":"https:\/\/api.w.org\/{rel}","templated":true}]}}