{"id":1749,"date":"2026-04-28T17:00:18","date_gmt":"2026-04-28T20:00:18","guid":{"rendered":"http:\/\/agoracariri.bops.com.br\/?p=1749"},"modified":"2026-04-28T17:00:18","modified_gmt":"2026-04-28T20:00:18","slug":"joao-pessoa-registra-150-mm-de-chuva-em-12-horas-e-tem-pontos-de-alagamentos-em-varios-bairros","status":"publish","type":"post","link":"https:\/\/agoracariri.bops.com.br\/?p=1749","title":{"rendered":"Jo\u00e3o Pessoa registra 150 mm de chuva em 12 horas e tem pontos de alagamentos em v\u00e1rios bairros"},"content":{"rendered":"<p>Fortes chuvas s\u00e3o registradas em Jo\u00e3o Pessoa nesta ter\u00e7a-feira (28) Choveu 150 mil\u00edmetros em Jo\u00e3o Pessoa nas \u00faltimas 12 horas, de acordo com a Defesa Civil Municipal. Com a quantidade de chuvas, v\u00e1rios pontos de alagamentos foram registrados nesta ter\u00e7a-feira (28). A \u00e1rea mais afetada foi a Zona Sul, onde bairros como Grot\u00e3o e Cui\u00e1 registraram 142,6 mm e 114,4 mm no mesmo per\u00edodo.<\/p>\n<p>Segundo o coordenador da Defesa Civil, Kelson Chaves, o volume de chuvas registrado em 12 horas superou a previs\u00e3o do Inmet para todo o dia. \u201cO aviso em vigor previa chuvas de 20 a 30 mm\/h ou 50 mm\/dia, no entanto a precipita\u00e7\u00e3o foi bem acima dessa previs\u00e3o, o que causou alagamentos em algumas ruas, mas sem v\u00edtimas\u201d, disse.<\/p>\n<p>Idosos ficam ilhados ap\u00f3s fortes chuvas, em Jo\u00e3o Pessoa Arquivo pessoal Os pontos de alagamento registrados foram v\u00e1rios na capital. No bairro Colinas do Sul, um casal de idosos chegou a ficar ilhado dentro de casa por conta das fortes chuvas. Segundo a filha, Val\u00e9ria Lopes, os dois idosos n\u00e3o conseguem andar.<\/p>\n<p>A idosa, de 72 anos, ficou acamada ap\u00f3s sofrer com alguns problemas de sa\u00fade, como Acidente Vascular Cerebral (AVC). O esposo, de 83 anos, dela estava em recupera\u00e7\u00e3o de uma cirurgia e fazia uso de bolsa de colostomia e sonda. No bairro Novo Mil\u00eanio, um \u00f4nibus ficou ilhado e passageiros precisaram ser resgatados pelo Corpo de Bombeiros em um bote.<\/p>\n<p>No bairro do Mu\u00e7umagro, sete casas ficaram alagadas, e uma idosa precisou de aux\u00edlio do Corpo de Bombeiros. Al\u00e9m dos alagamentos, a Superintend\u00eancia Executiva de Mobilidade Urbana (Semob-JP) registrou problemas em sem\u00e1foros na Rua Cardoso Vieira, no Centro; no Ret\u00e3o de Mana\u00edra; e na Avenida Ruy Carneiro.<\/p>\n<p>As equipes semaf\u00f3ricas foram rapidamente deslocadas e restabeleceram os equipamentos. Tamb\u00e9m houve registro de queda de \u00e1rvores, sendo uma no bairro do Cabo Branco e outra no anel vi\u00e1rio da UFPB, no Castelo Branco. Agentes de mobilidade foram acionados nas \u00e1reas afetadas, orientando condutores e organizando o fluxo de ve\u00edculos.<\/p>\n","protected":false},"excerpt":{"rendered":"<p>Fortes chuvas s\u00e3o registradas em Jo\u00e3o Pessoa nesta ter\u00e7a-feira (28) Choveu 150 mil\u00edmetros em Jo\u00e3o Pessoa nas \u00faltimas 12 horas, de acordo com a Defesa Civil Municipal. Com a quantidade de chuvas, v\u00e1rios pontos de alagamentos foram registrados nesta ter\u00e7a-feira (28). A \u00e1rea mais afetada foi a Zona Sul, onde bairros como Grot\u00e3o e Cui\u00e1 [&hellip;]<\/p>\n","protected":false},"author":1,"featured_media":1750,"comment_status":"open","ping_status":"open","sticky":false,"template":"","format":"standard","meta":{"footnotes":""},"categories":[1],"tags":[],"class_list":["post-1749","post","type-post","status-publish","format-standard","has-post-thumbnail","hentry","category-brasil"],"_links":{"self":[{"href":"https:\/\/agoracariri.bops.com.br\/index.php?rest_route=\/wp\/v2\/posts\/1749","targetHints":{"allow":["GET"]}}],"collection":[{"href":"https:\/\/agoracariri.bops.com.br\/index.php?rest_route=\/wp\/v2\/posts"}],"about":[{"href":"https:\/\/agoracariri.bops.com.br\/index.php?rest_route=\/wp\/v2\/types\/post"}],"author":[{"embeddable":true,"href":"https:\/\/agoracariri.bops.com.br\/index.php?rest_route=\/wp\/v2\/users\/1"}],"replies":[{"embeddable":true,"href":"https:\/\/agoracariri.bops.com.br\/index.php?rest_route=%2Fwp%2Fv2%2Fcomments&post=1749"}],"version-history":[{"count":1,"href":"https:\/\/agoracariri.bops.com.br\/index.php?rest_route=\/wp\/v2\/posts\/1749\/revisions"}],"predecessor-version":[{"id":1761,"href":"https:\/\/agoracariri.bops.com.br\/index.php?rest_route=\/wp\/v2\/posts\/1749\/revisions\/1761"}],"wp:featuredmedia":[{"embeddable":true,"href":"https:\/\/agoracariri.bops.com.br\/index.php?rest_route=\/wp\/v2\/media\/1750"}],"wp:attachment":[{"href":"https:\/\/agoracariri.bops.com.br\/index.php?rest_route=%2Fwp%2Fv2%2Fmedia&parent=1749"}],"wp:term":[{"taxonomy":"category","embeddable":true,"href":"https:\/\/agoracariri.bops.com.br\/index.php?rest_route=%2Fwp%2Fv2%2Fcategories&post=1749"},{"taxonomy":"post_tag","embeddable":true,"href":"https:\/\/agoracariri.bops.com.br\/index.php?rest_route=%2Fwp%2Fv2%2Ftags&post=1749"}],"curies":[{"name":"wp","href":"https:\/\/api.w.org\/{rel}","templated":true}]}}