{"id":1737,"date":"2026-04-28T13:12:40","date_gmt":"2026-04-28T16:12:40","guid":{"rendered":"http:\/\/agoracariri.bops.com.br\/?p=1737"},"modified":"2026-04-28T13:12:40","modified_gmt":"2026-04-28T16:12:40","slug":"casal-de-idosos-acamados-fica-ilhado-em-casa-apos-fortes-chuvas-em-joao-pessoa","status":"publish","type":"post","link":"https:\/\/agoracariri.bops.com.br\/?p=1737","title":{"rendered":"Casal de idosos acamados fica ilhado em casa ap\u00f3s fortes chuvas, em Jo\u00e3o Pessoa"},"content":{"rendered":"<p>A idosa, de 72 anos, ficou acamada ap\u00f3s sofrer com alguns problemas de sa\u00fade, como Acidente Vascular Cerebral (AVC). O esposo, de 83 anos, dela estava em recupera\u00e7\u00e3o de uma cirurgia e fazia uso de bolsa de colostomia e sonda. \u201cEu tive que ir para a casa dos outros porque eu n\u00e3o tive condi\u00e7\u00f5es de ficar l\u00e1.<\/p>\n<p>Quando eu olhei, meu pai e minha m\u00e3e estavam quase boiando. A \u00e1gua subiu t\u00e3o r\u00e1pido que a cama ficou boiando com eles dois. A \u00e1gua est\u00e1 batendo na cintura\u201d, disse Val\u00e9ria. Com o avan\u00e7o da \u00e1gua, o Corpo de Bombeiros foi acionado. O idoso foi retirado da resid\u00eancia pelos bombeiros, enquanto a idosa foi retirada pela filha.<\/p>\n<p>O cachorro da fam\u00edlia tamb\u00e9m foi resgatado. Cachorro da fam\u00edlia tamb\u00e9m foi resgatado pelo Corpo de Bombeiros, em Jo\u00e3o Pessoa Arquivo Pessoal Ap\u00f3s a sa\u00edda da casa, o casal e o animal foram levados para a casa da sogra da filha, onde ficaram abrigados. Ningu\u00e9m ficou ferido. Na capital paraibana, a Defesa Civil registrou 106,7 mil\u00edmetros de chuva em apenas duas horas, nesta ter\u00e7a-feira.<\/p>\n<p>A Zona Sul concentrou os maiores volumes: o Grot\u00e3o teve 142,6 mm e o Cui\u00e1, 114,4 mm nas \u00faltimas 12 horas. No bairro Colinas do Sul, tamb\u00e9m foram registrados v\u00e1rios outros pontos de alagamento. Em um deles, passageiros de um \u00f4nibus precisaram ser resgatados pelo Corpo de Bombeiros com o uso de um bote.<\/p>\n","protected":false},"excerpt":{"rendered":"<p>A idosa, de 72 anos, ficou acamada ap\u00f3s sofrer com alguns problemas de sa\u00fade, como Acidente Vascular Cerebral (AVC). O esposo, de 83 anos, dela estava em recupera\u00e7\u00e3o de uma cirurgia e fazia uso de bolsa de colostomia e sonda. \u201cEu tive que ir para a casa dos outros porque eu n\u00e3o tive condi\u00e7\u00f5es de [&hellip;]<\/p>\n","protected":false},"author":1,"featured_media":1738,"comment_status":"open","ping_status":"open","sticky":false,"template":"","format":"standard","meta":{"footnotes":""},"categories":[1],"tags":[],"class_list":["post-1737","post","type-post","status-publish","format-standard","has-post-thumbnail","hentry","category-brasil"],"_links":{"self":[{"href":"https:\/\/agoracariri.bops.com.br\/index.php?rest_route=\/wp\/v2\/posts\/1737","targetHints":{"allow":["GET"]}}],"collection":[{"href":"https:\/\/agoracariri.bops.com.br\/index.php?rest_route=\/wp\/v2\/posts"}],"about":[{"href":"https:\/\/agoracariri.bops.com.br\/index.php?rest_route=\/wp\/v2\/types\/post"}],"author":[{"embeddable":true,"href":"https:\/\/agoracariri.bops.com.br\/index.php?rest_route=\/wp\/v2\/users\/1"}],"replies":[{"embeddable":true,"href":"https:\/\/agoracariri.bops.com.br\/index.php?rest_route=%2Fwp%2Fv2%2Fcomments&post=1737"}],"version-history":[{"count":1,"href":"https:\/\/agoracariri.bops.com.br\/index.php?rest_route=\/wp\/v2\/posts\/1737\/revisions"}],"predecessor-version":[{"id":1747,"href":"https:\/\/agoracariri.bops.com.br\/index.php?rest_route=\/wp\/v2\/posts\/1737\/revisions\/1747"}],"wp:featuredmedia":[{"embeddable":true,"href":"https:\/\/agoracariri.bops.com.br\/index.php?rest_route=\/wp\/v2\/media\/1738"}],"wp:attachment":[{"href":"https:\/\/agoracariri.bops.com.br\/index.php?rest_route=%2Fwp%2Fv2%2Fmedia&parent=1737"}],"wp:term":[{"taxonomy":"category","embeddable":true,"href":"https:\/\/agoracariri.bops.com.br\/index.php?rest_route=%2Fwp%2Fv2%2Fcategories&post=1737"},{"taxonomy":"post_tag","embeddable":true,"href":"https:\/\/agoracariri.bops.com.br\/index.php?rest_route=%2Fwp%2Fv2%2Ftags&post=1737"}],"curies":[{"name":"wp","href":"https:\/\/api.w.org\/{rel}","templated":true}]}}