{"id":1725,"date":"2026-04-28T11:55:42","date_gmt":"2026-04-28T14:55:42","guid":{"rendered":"http:\/\/agoracariri.bops.com.br\/?p=1725"},"modified":"2026-04-28T11:55:42","modified_gmt":"2026-04-28T14:55:42","slug":"joao-pessoa-e-campina-grande-registram-alagamentos-em-diversos-pontos-apos-chuvas","status":"publish","type":"post","link":"https:\/\/agoracariri.bops.com.br\/?p=1725","title":{"rendered":"Jo\u00e3o Pessoa e Campina Grande registram alagamentos em diversos pontos ap\u00f3s chuvas"},"content":{"rendered":"<p>Fortes chuvas s\u00e3o registradas em Jo\u00e3o Pessoa nesta ter\u00e7a-feira (28) A Para\u00edba registrou chuvas intensas nesta segunda-feira (27) e ter\u00e7a-feira (28), causando alagamentos em Jo\u00e3o Pessoa e Campina Grande. Na capital paraibana, segundo dados da Defesa Civil, choveu uma m\u00e9dia de 106,7 mm nas \u00faltimas duas horas.<\/p>\n<p>A \u00e1rea mais afetada foi a Zona Sul, onde bairros como Grot\u00e3o e Cui\u00e1 registraram 142,6 mm e 114,4 mm nas \u00faltimas 12 horas, respectivamente. Colinas do Sul, bairro de Jo\u00e3o Pessoa, registrou alagamento em v\u00e1rios pontos Reprodu\u00e7\u00e3o\/TV Cabo Branco Foram registrados v\u00e1rios alagamentos em Colinas do Sul, e no bairro do Mu\u00e7umagro, sete casas ficaram alagadas, e uma idosa precisou de aux\u00edlio do Corpo de Bombeiros.<\/p>\n","protected":false},"excerpt":{"rendered":"<p>Fortes chuvas s\u00e3o registradas em Jo\u00e3o Pessoa nesta ter\u00e7a-feira (28) A Para\u00edba registrou chuvas intensas nesta segunda-feira (27) e ter\u00e7a-feira (28), causando alagamentos em Jo\u00e3o Pessoa e Campina Grande. Na capital paraibana, segundo dados da Defesa Civil, choveu uma m\u00e9dia de 106,7 mm nas \u00faltimas duas horas. A \u00e1rea mais afetada foi a Zona Sul, [&hellip;]<\/p>\n","protected":false},"author":1,"featured_media":1726,"comment_status":"open","ping_status":"open","sticky":false,"template":"","format":"standard","meta":{"footnotes":""},"categories":[1],"tags":[],"class_list":["post-1725","post","type-post","status-publish","format-standard","has-post-thumbnail","hentry","category-brasil"],"_links":{"self":[{"href":"https:\/\/agoracariri.bops.com.br\/index.php?rest_route=\/wp\/v2\/posts\/1725","targetHints":{"allow":["GET"]}}],"collection":[{"href":"https:\/\/agoracariri.bops.com.br\/index.php?rest_route=\/wp\/v2\/posts"}],"about":[{"href":"https:\/\/agoracariri.bops.com.br\/index.php?rest_route=\/wp\/v2\/types\/post"}],"author":[{"embeddable":true,"href":"https:\/\/agoracariri.bops.com.br\/index.php?rest_route=\/wp\/v2\/users\/1"}],"replies":[{"embeddable":true,"href":"https:\/\/agoracariri.bops.com.br\/index.php?rest_route=%2Fwp%2Fv2%2Fcomments&post=1725"}],"version-history":[{"count":1,"href":"https:\/\/agoracariri.bops.com.br\/index.php?rest_route=\/wp\/v2\/posts\/1725\/revisions"}],"predecessor-version":[{"id":1743,"href":"https:\/\/agoracariri.bops.com.br\/index.php?rest_route=\/wp\/v2\/posts\/1725\/revisions\/1743"}],"wp:featuredmedia":[{"embeddable":true,"href":"https:\/\/agoracariri.bops.com.br\/index.php?rest_route=\/wp\/v2\/media\/1726"}],"wp:attachment":[{"href":"https:\/\/agoracariri.bops.com.br\/index.php?rest_route=%2Fwp%2Fv2%2Fmedia&parent=1725"}],"wp:term":[{"taxonomy":"category","embeddable":true,"href":"https:\/\/agoracariri.bops.com.br\/index.php?rest_route=%2Fwp%2Fv2%2Fcategories&post=1725"},{"taxonomy":"post_tag","embeddable":true,"href":"https:\/\/agoracariri.bops.com.br\/index.php?rest_route=%2Fwp%2Fv2%2Ftags&post=1725"}],"curies":[{"name":"wp","href":"https:\/\/api.w.org\/{rel}","templated":true}]}}