{"id":1719,"date":"2026-04-28T08:12:00","date_gmt":"2026-04-28T11:12:00","guid":{"rendered":"http:\/\/agoracariri.bops.com.br\/?p=1719"},"modified":"2026-04-28T08:12:00","modified_gmt":"2026-04-28T11:12:00","slug":"prefeito-de-boa-vista-confirma-apoios-para-eleicoes-2026-e-aposta-na-vitoria-de-lucas-ribeiro-ao-governo","status":"publish","type":"post","link":"https:\/\/agoracariri.bops.com.br\/?p=1719","title":{"rendered":"Prefeito de Boa Vista confirma apoios para elei\u00e7\u00f5es 2026 e aposta na vit\u00f3ria de Lucas Ribeiro ao Governo"},"content":{"rendered":"<p>Em entrevista \u00e0 imprensa da regi\u00e3o, o prefeito de Boa Vista, Fernando Aires, confirmou oficialmente quais ser\u00e3o seus apoios pol\u00edticos para as elei\u00e7\u00f5es de 2026 e demonstrou confian\u00e7a no cen\u00e1rio eleitoral que se desenha no estado.<\/p>\n<p>Durante a conversa, o gestor destacou que estar\u00e1 ao lado do colega e parceiro pol\u00edtico Andr\u00e9 Gomes na disputa por uma vaga na Assembleia Legislativa da Para\u00edba. Para deputado federal, Fernando Aires confirmou apoio ao parlamentar Wilson Santiago.<\/p>\n<p>Na corrida pelo Senado, o prefeito revelou que apoiar\u00e1 dois nomes de peso da pol\u00edtica paraibana: o atual governador Jo\u00e3o Azev\u00eado e o senador Veneziano Vital do R\u00eago.<\/p>\n<p>J\u00e1 para o Governo do Estado, Fernando Aires foi enf\u00e1tico ao declarar apoio \u00e0 pr\u00e9-candidatura de Lucas Ribeiro. O prefeito destacou a confian\u00e7a no crescimento da campanha do aliado e afirmou acreditar na vit\u00f3ria nas urnas em outubro de 2026.<\/p>\n<p>De Olho no Cariri<\/p>\n<p>Com Para\u00edba Mix<\/p>\n<p>O post Prefeito de Boa Vista confirma apoios para elei\u00e7\u00f5es 2026 e aposta na vit\u00f3ria de Lucas Ribeiro ao Governo apareceu primeiro em De Olho no Cariri.<\/p>\n","protected":false},"excerpt":{"rendered":"<p>Em entrevista \u00e0 imprensa da regi\u00e3o, o prefeito de Boa Vista, Fernando Aires, confirmou oficialmente quais ser\u00e3o seus apoios pol\u00edticos para as elei\u00e7\u00f5es de 2026 e demonstrou confian\u00e7a no cen\u00e1rio eleitoral que se desenha no estado. Durante a conversa, o gestor destacou que estar\u00e1 ao lado do colega e parceiro pol\u00edtico Andr\u00e9 Gomes na disputa [&hellip;]<\/p>\n","protected":false},"author":1,"featured_media":0,"comment_status":"open","ping_status":"open","sticky":false,"template":"","format":"standard","meta":{"footnotes":""},"categories":[1],"tags":[],"class_list":["post-1719","post","type-post","status-publish","format-standard","hentry","category-brasil"],"_links":{"self":[{"href":"https:\/\/agoracariri.bops.com.br\/index.php?rest_route=\/wp\/v2\/posts\/1719","targetHints":{"allow":["GET"]}}],"collection":[{"href":"https:\/\/agoracariri.bops.com.br\/index.php?rest_route=\/wp\/v2\/posts"}],"about":[{"href":"https:\/\/agoracariri.bops.com.br\/index.php?rest_route=\/wp\/v2\/types\/post"}],"author":[{"embeddable":true,"href":"https:\/\/agoracariri.bops.com.br\/index.php?rest_route=\/wp\/v2\/users\/1"}],"replies":[{"embeddable":true,"href":"https:\/\/agoracariri.bops.com.br\/index.php?rest_route=%2Fwp%2Fv2%2Fcomments&post=1719"}],"version-history":[{"count":0,"href":"https:\/\/agoracariri.bops.com.br\/index.php?rest_route=\/wp\/v2\/posts\/1719\/revisions"}],"wp:attachment":[{"href":"https:\/\/agoracariri.bops.com.br\/index.php?rest_route=%2Fwp%2Fv2%2Fmedia&parent=1719"}],"wp:term":[{"taxonomy":"category","embeddable":true,"href":"https:\/\/agoracariri.bops.com.br\/index.php?rest_route=%2Fwp%2Fv2%2Fcategories&post=1719"},{"taxonomy":"post_tag","embeddable":true,"href":"https:\/\/agoracariri.bops.com.br\/index.php?rest_route=%2Fwp%2Fv2%2Ftags&post=1719"}],"curies":[{"name":"wp","href":"https:\/\/api.w.org\/{rel}","templated":true}]}}