{"id":1718,"date":"2026-04-28T11:08:28","date_gmt":"2026-04-28T14:08:28","guid":{"rendered":"http:\/\/agoracariri.bops.com.br\/?p=1718"},"modified":"2026-04-28T11:08:28","modified_gmt":"2026-04-28T14:08:28","slug":"foragidos-da-justica-sao-presos-em-cidade-do-cariri","status":"publish","type":"post","link":"https:\/\/agoracariri.bops.com.br\/?p=1718","title":{"rendered":"Foragidos da Justi\u00e7a s\u00e3o presos em cidade do Cariri"},"content":{"rendered":"<p>Durante rondas na cidade de Alcantil, no Cariri paraibano, a guarni\u00e7\u00e3o da Pol\u00edcia Militar (PM), comandada pelo sargento Eleut\u00e9rio, atendeu a duas ocorr\u00eancias e prendeu Josenildo Jos\u00e9 da Silva, 40 anos, com mandados de pris\u00f5es em aberto e suspeita de violar medidas cautelares com uso de tornozeleira eletr\u00f4nica, al\u00e9m de Jos\u00e9 Moniclecio da Silva, 38 anos.<\/p>\n<p>A a\u00e7\u00e3o ocorreu na tarde desta segunda-feira (27), em dois pontos distintos da cidade.<\/p>\n<p>De acordo com o boletim, a guarni\u00e7\u00e3o recebeu informa\u00e7\u00f5es de populares e localizou os suspeitos. Ap\u00f3s as abordagens e confirma\u00e7\u00e3o das identidades, foi dada voz de pris\u00e3o, com comunica\u00e7\u00e3o dos direitos constitucionais.<\/p>\n<p>Ainda conforme os registros policiais, um dos presos tamb\u00e9m \u00e9 investigado por descumprimento de medidas judiciais, incluindo viola\u00e7\u00e3o de monitoramento eletr\u00f4nico.<\/p>\n<p>Durante a ocorr\u00eancia, os policiais apreenderam uma motocicleta Honda Pop 110 de cor branca e placa QZT-1C86, R$ 1.450,00, uma tornozeleira eletr\u00f4nica violada, um tomada carregador  e v\u00e1rios objetos relacionados a motos.<\/p>\n<p>Os suspeitos foram conduzidos \u00e0 Delegacia de Pol\u00edcia Civil (DPC) da cidade de Queimadas, onde a delegada, Juliana Fernanda Brasil Barbosa Bruce, recebeu os custodiados para os procedimentos cab\u00edveis.<\/p>\n<p>De Olho no Cariri<\/p>\n<p>Com Heleno Lima<\/p>\n<p>O post Foragidos da Justi\u00e7a s\u00e3o presos em cidade do Cariri apareceu primeiro em De Olho no Cariri.<\/p>\n","protected":false},"excerpt":{"rendered":"<p>Durante rondas na cidade de Alcantil, no Cariri paraibano, a guarni\u00e7\u00e3o da Pol\u00edcia Militar (PM), comandada pelo sargento Eleut\u00e9rio, atendeu a duas ocorr\u00eancias e prendeu Josenildo Jos\u00e9 da Silva, 40 anos, com mandados de pris\u00f5es em aberto e suspeita de violar medidas cautelares com uso de tornozeleira eletr\u00f4nica, al\u00e9m de Jos\u00e9 Moniclecio da Silva, 38 [&hellip;]<\/p>\n","protected":false},"author":1,"featured_media":0,"comment_status":"open","ping_status":"open","sticky":false,"template":"","format":"standard","meta":{"footnotes":""},"categories":[1],"tags":[],"class_list":["post-1718","post","type-post","status-publish","format-standard","hentry","category-brasil"],"_links":{"self":[{"href":"https:\/\/agoracariri.bops.com.br\/index.php?rest_route=\/wp\/v2\/posts\/1718","targetHints":{"allow":["GET"]}}],"collection":[{"href":"https:\/\/agoracariri.bops.com.br\/index.php?rest_route=\/wp\/v2\/posts"}],"about":[{"href":"https:\/\/agoracariri.bops.com.br\/index.php?rest_route=\/wp\/v2\/types\/post"}],"author":[{"embeddable":true,"href":"https:\/\/agoracariri.bops.com.br\/index.php?rest_route=\/wp\/v2\/users\/1"}],"replies":[{"embeddable":true,"href":"https:\/\/agoracariri.bops.com.br\/index.php?rest_route=%2Fwp%2Fv2%2Fcomments&post=1718"}],"version-history":[{"count":1,"href":"https:\/\/agoracariri.bops.com.br\/index.php?rest_route=\/wp\/v2\/posts\/1718\/revisions"}],"predecessor-version":[{"id":1740,"href":"https:\/\/agoracariri.bops.com.br\/index.php?rest_route=\/wp\/v2\/posts\/1718\/revisions\/1740"}],"wp:attachment":[{"href":"https:\/\/agoracariri.bops.com.br\/index.php?rest_route=%2Fwp%2Fv2%2Fmedia&parent=1718"}],"wp:term":[{"taxonomy":"category","embeddable":true,"href":"https:\/\/agoracariri.bops.com.br\/index.php?rest_route=%2Fwp%2Fv2%2Fcategories&post=1718"},{"taxonomy":"post_tag","embeddable":true,"href":"https:\/\/agoracariri.bops.com.br\/index.php?rest_route=%2Fwp%2Fv2%2Ftags&post=1718"}],"curies":[{"name":"wp","href":"https:\/\/api.w.org\/{rel}","templated":true}]}}