{"id":1717,"date":"2026-04-28T11:11:48","date_gmt":"2026-04-28T14:11:48","guid":{"rendered":"http:\/\/agoracariri.bops.com.br\/?p=1717"},"modified":"2026-04-28T11:11:48","modified_gmt":"2026-04-28T14:11:48","slug":"vereadora-paraibana-e-afastada-durante-operacao-que-apura-esquema-de-rachadinha","status":"publish","type":"post","link":"https:\/\/agoracariri.bops.com.br\/?p=1717","title":{"rendered":"Vereadora paraibana \u00e9 afastada durante opera\u00e7\u00e3o que apura esquema de \u2018rachadinha\u2019"},"content":{"rendered":"<p>A vereadora Rosiene Sarinha, da cidade de Bayeux, foi alvo de uma opera\u00e7\u00e3o na manh\u00e3 desta ter\u00e7a-feira (28). A a\u00e7\u00e3o apura um suposto esquema de desvio de recursos p\u00fablicos, com a pr\u00e1tica de \u201crachadinha\u201d. A Justi\u00e7a determinou o afastamento da parlamentar do cargo.<\/p>\n<p>Foram cumpridos mandados judiciais no apartamento da vereadora, localizado no bairro Pedro Gondim, em Jo\u00e3o Pessoa, al\u00e9m de dilig\u00eancias realizadas na C\u00e2mara Municipal de Bayeux. Tamb\u00e9m s\u00e3o alvos da opera\u00e7\u00e3o o filho da vereadora e um assessor ligado ao gabinete da parlamentar na C\u00e2mara Municipal.<\/p>\n<p>\u201cOs ind\u00edcios levam a crer que, \u00e0 \u00e9poca em que ela estava ligada \u00e0 Prefeitura, tinha alguns cargos de confian\u00e7a, para haver a contrata\u00e7\u00e3o dessas pessoas, era exigida a condi\u00e7\u00e3o de que elas repassassem uma porcentagem dos sal\u00e1rios. Aquilo que a gente chama de \u2018rachadinha\u2019\u201d, explicou a delegada Viviane Magalh\u00e3es.<\/p>\n<p>Al\u00e9m dos mandados de busca e apreens\u00e3o, a Justi\u00e7a tamb\u00e9m determinou o afastamento por tempo indeterminado da parlamentar e o impedimento do filho e do chefe de gabinete de exercer qualquer fun\u00e7\u00e3o de confian\u00e7a no Legislativo ou no Executivo do munic\u00edpio.<\/p>\n<p>\u201cPor enquanto [os alvos] s\u00e3o eles tr\u00eas, o que j\u00e1 configura uma organiza\u00e7\u00e3o criminosa. E o processo est\u00e1 bem claro, cada um tem uma fun\u00e7\u00e3o bem determinada\u201d, pontuou a delegada Viviane Magalh\u00e3es.<\/p>\n<p>De acordo com a Pol\u00edcia Civil, durante o cumprimento das ordens judiciais, a vereadora jogou um celular pela janela do apartamento. \u201cN\u00f3s apreendemos tr\u00eas celulares e, enquanto um dos nossos servidores estava aqui embaixo, escutou o barulho quando o aparelho chegou ao solo. Ela tinha arremessado l\u00e1 de cima\u201d, disse a delegada.<\/p>\n<p>A investiga\u00e7\u00e3o segue em andamento e deve apurar a extens\u00e3o do esquema.<\/p>\n<p>Com Mais PB<\/p>\n<p>O post Vereadora paraibana \u00e9 afastada durante opera\u00e7\u00e3o que apura esquema de \u2018rachadinha\u2019 apareceu primeiro em De Olho no Cariri.<\/p>\n","protected":false},"excerpt":{"rendered":"<p>A vereadora Rosiene Sarinha, da cidade de Bayeux, foi alvo de uma opera\u00e7\u00e3o na manh\u00e3 desta ter\u00e7a-feira (28). A a\u00e7\u00e3o apura um suposto esquema de desvio de recursos p\u00fablicos, com a pr\u00e1tica de \u201crachadinha\u201d. A Justi\u00e7a determinou o afastamento da parlamentar do cargo. Foram cumpridos mandados judiciais no apartamento da vereadora, localizado no bairro Pedro [&hellip;]<\/p>\n","protected":false},"author":1,"featured_media":0,"comment_status":"open","ping_status":"open","sticky":false,"template":"","format":"standard","meta":{"footnotes":""},"categories":[1],"tags":[],"class_list":["post-1717","post","type-post","status-publish","format-standard","hentry","category-brasil"],"_links":{"self":[{"href":"https:\/\/agoracariri.bops.com.br\/index.php?rest_route=\/wp\/v2\/posts\/1717","targetHints":{"allow":["GET"]}}],"collection":[{"href":"https:\/\/agoracariri.bops.com.br\/index.php?rest_route=\/wp\/v2\/posts"}],"about":[{"href":"https:\/\/agoracariri.bops.com.br\/index.php?rest_route=\/wp\/v2\/types\/post"}],"author":[{"embeddable":true,"href":"https:\/\/agoracariri.bops.com.br\/index.php?rest_route=\/wp\/v2\/users\/1"}],"replies":[{"embeddable":true,"href":"https:\/\/agoracariri.bops.com.br\/index.php?rest_route=%2Fwp%2Fv2%2Fcomments&post=1717"}],"version-history":[{"count":1,"href":"https:\/\/agoracariri.bops.com.br\/index.php?rest_route=\/wp\/v2\/posts\/1717\/revisions"}],"predecessor-version":[{"id":1741,"href":"https:\/\/agoracariri.bops.com.br\/index.php?rest_route=\/wp\/v2\/posts\/1717\/revisions\/1741"}],"wp:attachment":[{"href":"https:\/\/agoracariri.bops.com.br\/index.php?rest_route=%2Fwp%2Fv2%2Fmedia&parent=1717"}],"wp:term":[{"taxonomy":"category","embeddable":true,"href":"https:\/\/agoracariri.bops.com.br\/index.php?rest_route=%2Fwp%2Fv2%2Fcategories&post=1717"},{"taxonomy":"post_tag","embeddable":true,"href":"https:\/\/agoracariri.bops.com.br\/index.php?rest_route=%2Fwp%2Fv2%2Ftags&post=1717"}],"curies":[{"name":"wp","href":"https:\/\/api.w.org\/{rel}","templated":true}]}}