{"id":1716,"date":"2026-04-28T09:52:00","date_gmt":"2026-04-28T12:52:00","guid":{"rendered":"http:\/\/agoracariri.bops.com.br\/?p=1716"},"modified":"2026-04-28T09:52:00","modified_gmt":"2026-04-28T12:52:00","slug":"joao-azevedo-minimiza-perda-de-apoios-e-revela-reuniao-da-base-discutindo-cada-caso","status":"publish","type":"post","link":"https:\/\/agoracariri.bops.com.br\/?p=1716","title":{"rendered":"Jo\u00e3o Azevedo minimiza perda de apoios e revela reuni\u00e3o da base: \u201cDiscutindo cada caso\u201d"},"content":{"rendered":"<p>O ex-governador da Para\u00edba e pr\u00e9-candidato ao Senado, Jo\u00e3o Azev\u00eado (PSB), minimizou nesta segunda-feira (27) as movimenta\u00e7\u00f5es de prefeitos que teriam migrado de sua base para o projeto do seu companheiro de chapa Nabor Wanderley (Republicanos). Em entrevista \u00e0 r\u00e1dio Correio 98 FM, o gestor afirmou que o grupo est\u00e1 organizado e que passou o final de semana em reuni\u00f5es para monitorar a situa\u00e7\u00e3o munic\u00edpio por munic\u00edpio.<\/p>\n<p>\u201cEssa coisa da chamada invas\u00e3o ou n\u00e3o, ela n\u00e3o acontece dessa forma. Algu\u00e9m, um prefeito, uma lideran\u00e7a, decide tomar um determinado caminho e esse caminho pode n\u00e3o ser o que ele tinha antes, e as pessoas dizem: est\u00e1 havendo invas\u00e3o ou n\u00e3o est\u00e1?\u201d, questionou o ex-governador.<\/p>\n<p>Para Jo\u00e3o, o que se v\u00ea na pr\u00e1tica s\u00e3o mudan\u00e7as de rota individuais, n\u00e3o um movimento organizado contra sua candidatura. \u201cN\u00e3o se trata disso, se trata de mudan\u00e7a de rumo de algumas pessoas, mas que dentro do nosso grupo, n\u00f3s estamos devidamente vacinados. Temos reuni\u00f5es, esse final de semana passamos em reuni\u00e3o discutindo cada caso, cada munic\u00edpio\u201d, enfatizou.<\/p>\n<p>O ex-governador reconheceu que o cen\u00e1rio pol\u00edtico muda com o tempo, mas garantiu que a base est\u00e1 coesa e focada em eleger a chapa completa em outubro.<\/p>\n<p>\u201cN\u00e3o tem essa preocupa\u00e7\u00e3o. N\u00f3s sabemos, claro, que o retrato de hoje \u00e9 diferente do retrato daqui a um m\u00eas, daqui a 60 dias. O que n\u00f3s queremos mostrar, vamos mostrar e estamos mostrando \u00e9 que existe uma unidade muito grande dentro do grupo. N\u00f3s vamos e queremos que, verdadeiramente, a chapa seja eleita, a chapa fechada, e vamos continuar trabalhando para isso\u201d, afirmou.<\/p>\n<p>As informa\u00e7\u00f5es surgem ap\u00f3s uma suposta tens\u00e3o nos bastidores da base governista. Na \u00faltima sexta-feira, o pr\u00f3prio Jo\u00e3o j\u00e1 havia demonstrado postura de alerta em rela\u00e7\u00e3o aos rompimentos dentro do pr\u00f3prio grupo, afirmando que quem tinha compromisso e mudou precisaria sentar para \u201cum di\u00e1logo franco, munic\u00edpio por munic\u00edpio\u201d.<\/p>\n<p>O caso mais recente ocorreu na cidade de Alhandra. Durante a festa de emancipa\u00e7\u00e3o pol\u00edtica, o prefeito Marcelo Rodrigues externou seu descontentamento e sinalizou que n\u00e3o ir\u00e1 mais apoiar a pr\u00e9-candidatura do ex-governador ao Senado Federal.<\/p>\n<p>Com PB Agora<\/p>\n<p>O post Jo\u00e3o Azevedo minimiza perda de apoios e revela reuni\u00e3o da base: \u201cDiscutindo cada caso\u201d apareceu primeiro em De Olho no Cariri.<\/p>\n","protected":false},"excerpt":{"rendered":"<p>O ex-governador da Para\u00edba e pr\u00e9-candidato ao Senado, Jo\u00e3o Azev\u00eado (PSB), minimizou nesta segunda-feira (27) as movimenta\u00e7\u00f5es de prefeitos que teriam migrado de sua base para o projeto do seu companheiro de chapa Nabor Wanderley (Republicanos). Em entrevista \u00e0 r\u00e1dio Correio 98 FM, o gestor afirmou que o grupo est\u00e1 organizado e que passou o [&hellip;]<\/p>\n","protected":false},"author":1,"featured_media":0,"comment_status":"open","ping_status":"open","sticky":false,"template":"","format":"standard","meta":{"footnotes":""},"categories":[1],"tags":[],"class_list":["post-1716","post","type-post","status-publish","format-standard","hentry","category-brasil"],"_links":{"self":[{"href":"https:\/\/agoracariri.bops.com.br\/index.php?rest_route=\/wp\/v2\/posts\/1716","targetHints":{"allow":["GET"]}}],"collection":[{"href":"https:\/\/agoracariri.bops.com.br\/index.php?rest_route=\/wp\/v2\/posts"}],"about":[{"href":"https:\/\/agoracariri.bops.com.br\/index.php?rest_route=\/wp\/v2\/types\/post"}],"author":[{"embeddable":true,"href":"https:\/\/agoracariri.bops.com.br\/index.php?rest_route=\/wp\/v2\/users\/1"}],"replies":[{"embeddable":true,"href":"https:\/\/agoracariri.bops.com.br\/index.php?rest_route=%2Fwp%2Fv2%2Fcomments&post=1716"}],"version-history":[{"count":1,"href":"https:\/\/agoracariri.bops.com.br\/index.php?rest_route=\/wp\/v2\/posts\/1716\/revisions"}],"predecessor-version":[{"id":1727,"href":"https:\/\/agoracariri.bops.com.br\/index.php?rest_route=\/wp\/v2\/posts\/1716\/revisions\/1727"}],"wp:attachment":[{"href":"https:\/\/agoracariri.bops.com.br\/index.php?rest_route=%2Fwp%2Fv2%2Fmedia&parent=1716"}],"wp:term":[{"taxonomy":"category","embeddable":true,"href":"https:\/\/agoracariri.bops.com.br\/index.php?rest_route=%2Fwp%2Fv2%2Fcategories&post=1716"},{"taxonomy":"post_tag","embeddable":true,"href":"https:\/\/agoracariri.bops.com.br\/index.php?rest_route=%2Fwp%2Fv2%2Ftags&post=1716"}],"curies":[{"name":"wp","href":"https:\/\/api.w.org\/{rel}","templated":true}]}}