{"id":1714,"date":"2026-04-28T10:51:39","date_gmt":"2026-04-28T13:51:39","guid":{"rendered":"http:\/\/agoracariri.bops.com.br\/?p=1714"},"modified":"2026-04-28T10:51:39","modified_gmt":"2026-04-28T13:51:39","slug":"prefeito-de-sao-bento-gerfeson-carnauba-oficializa-apoio-a-lucas-ribeiro","status":"publish","type":"post","link":"https:\/\/agoracariri.bops.com.br\/?p=1714","title":{"rendered":"Prefeito de S\u00e3o Bento, Gerfeson Carna\u00faba oficializa apoio a Lucas Ribeiro"},"content":{"rendered":"<p>O prefeito de S\u00e3o Bento, Gerfeson Carna\u00faba (PSB), declarou apoio ao pr\u00e9-candidato a governador Lucas Ribeiro (Progressistas), consolidando mais um alinhamento pol\u00edtico no Sert\u00e3o paraibano. A oficializa\u00e7\u00e3o do apoio ocorreu durante encontro entre os dois, com a presen\u00e7a do ex-prefeito de S\u00e3o Bento, e uma das principais lideran\u00e7as da cidade, Jarques L\u00facio.<\/p>\n<p>Ao confirmar o apoio, o gestor destacou a continuidade do trabalho e a expectativa de avan\u00e7os para o munic\u00edpio e a regi\u00e3o. \u201cEstamos selando esse compromisso de continuidade de um projeto de trabalho e de entrega para a Para\u00edba e para S\u00e3o Bento. Confio no trabalho de Lucas Ribeiro e tenho certeza de que o munic\u00edpio vai continuar crescendo, com mais obras, mais a\u00e7\u00f5es e mais desenvolvimento para o nosso povo\u201d, afirmou.<\/p>\n<p>Lucas ressaltou a import\u00e2ncia da parceria com os munic\u00edpios e o fortalecimento das a\u00e7\u00f5es no interior. \u201cS\u00e3o Bento, a Terra das Redes, \u00e9 uma cidade que representa muito bem a for\u00e7a do nosso povo. Um polo que gera emprego e movimenta a economia da Para\u00edba. O nosso trabalho \u00e9 fazer ainda mais e fortalecer parcerias para que o desenvolvimento chegue a todos os paraibanos e paraibanas\u201d, disse.<\/p>\n<p>O apoio refor\u00e7a um movimento que se consolida em todo o estado, com a constru\u00e7\u00e3o de parcerias em diferentes munic\u00edpios e o fortalecimento de uma presen\u00e7a que alcan\u00e7a toda a Para\u00edba.<\/p>\n<p>O post Prefeito de S\u00e3o Bento, Gerfeson Carna\u00faba oficializa apoio a Lucas Ribeiro apareceu primeiro em De Olho no Cariri.<\/p>\n","protected":false},"excerpt":{"rendered":"<p>O prefeito de S\u00e3o Bento, Gerfeson Carna\u00faba (PSB), declarou apoio ao pr\u00e9-candidato a governador Lucas Ribeiro (Progressistas), consolidando mais um alinhamento pol\u00edtico no Sert\u00e3o paraibano. A oficializa\u00e7\u00e3o do apoio ocorreu durante encontro entre os dois, com a presen\u00e7a do ex-prefeito de S\u00e3o Bento, e uma das principais lideran\u00e7as da cidade, Jarques L\u00facio. Ao confirmar o [&hellip;]<\/p>\n","protected":false},"author":1,"featured_media":0,"comment_status":"open","ping_status":"open","sticky":false,"template":"","format":"standard","meta":{"footnotes":""},"categories":[1],"tags":[],"class_list":["post-1714","post","type-post","status-publish","format-standard","hentry","category-brasil"],"_links":{"self":[{"href":"https:\/\/agoracariri.bops.com.br\/index.php?rest_route=\/wp\/v2\/posts\/1714","targetHints":{"allow":["GET"]}}],"collection":[{"href":"https:\/\/agoracariri.bops.com.br\/index.php?rest_route=\/wp\/v2\/posts"}],"about":[{"href":"https:\/\/agoracariri.bops.com.br\/index.php?rest_route=\/wp\/v2\/types\/post"}],"author":[{"embeddable":true,"href":"https:\/\/agoracariri.bops.com.br\/index.php?rest_route=\/wp\/v2\/users\/1"}],"replies":[{"embeddable":true,"href":"https:\/\/agoracariri.bops.com.br\/index.php?rest_route=%2Fwp%2Fv2%2Fcomments&post=1714"}],"version-history":[{"count":1,"href":"https:\/\/agoracariri.bops.com.br\/index.php?rest_route=\/wp\/v2\/posts\/1714\/revisions"}],"predecessor-version":[{"id":1733,"href":"https:\/\/agoracariri.bops.com.br\/index.php?rest_route=\/wp\/v2\/posts\/1714\/revisions\/1733"}],"wp:attachment":[{"href":"https:\/\/agoracariri.bops.com.br\/index.php?rest_route=%2Fwp%2Fv2%2Fmedia&parent=1714"}],"wp:term":[{"taxonomy":"category","embeddable":true,"href":"https:\/\/agoracariri.bops.com.br\/index.php?rest_route=%2Fwp%2Fv2%2Fcategories&post=1714"},{"taxonomy":"post_tag","embeddable":true,"href":"https:\/\/agoracariri.bops.com.br\/index.php?rest_route=%2Fwp%2Fv2%2Ftags&post=1714"}],"curies":[{"name":"wp","href":"https:\/\/api.w.org\/{rel}","templated":true}]}}