{"id":1711,"date":"2026-04-28T10:59:15","date_gmt":"2026-04-28T13:59:15","guid":{"rendered":"http:\/\/agoracariri.bops.com.br\/?p=1711"},"modified":"2026-04-28T10:59:15","modified_gmt":"2026-04-28T13:59:15","slug":"prefeitos-de-sao-joao-do-cariri-e-riacho-dos-cavalos-declaram-apoio-a-joao-azevedo-para-o-senado","status":"publish","type":"post","link":"https:\/\/agoracariri.bops.com.br\/?p=1711","title":{"rendered":"Prefeitos de S\u00e3o Jo\u00e3o do Cariri e Riacho dos Cavalos declaram apoio a Jo\u00e3o Azev\u00eado para o Senado"},"content":{"rendered":"<p>Os prefeitos de S\u00e3o Jo\u00e3o do Cariri, Chico de Eulina (Uni\u00e3o Brasil), e e Riacho dos Cavalos, Arthur Vieira (Progressista), reafirmaram apoio a pr\u00e9-candidatura de Jo\u00e3o Azev\u00eado (PSB) ao Senado Federal. Chico de Eulina e Arthur Vieira  esteveram reunidos com Jo\u00e3o Azev\u00eado em Jo\u00e3o Pessoa na manh\u00e3 desta segunda-feira (27) em reconhecimento ao trabalho e as realiza\u00e7\u00f5es em benef\u00edcio destes munic\u00edpios.<\/p>\n<p>Em S\u00e3o Jo\u00e3o do Cariri, a gest\u00e3o de Jo\u00e3o Azev\u00eado iniciou obras como a estrada de 19 km ligando o munic\u00edpio a Parari, entregou travessias urbanas em nove ruas, perfura\u00e7\u00e3o de po\u00e7os e a creche, que est\u00e1 em fase de conclus\u00e3o. \u201cLogo quando eu assumi a gest\u00e3o do nosso munic\u00edpio, Jo\u00e3o estava como governador, e sempre foi sol\u00edcito comigo e com as principais demandas da nossa popula\u00e7\u00e3o. Por isso, Jo\u00e3o merece o meu apoio e do povo de S\u00e3o Jo\u00e3o e de todo Cariri\u201d, destacou Chico de Eulina.<\/p>\n<p>\u201cO asfalto de S\u00e3o Jo\u00e3o a Parari, que foi uma reivindica\u00e7\u00e3o na \u00e9poca do prefeito de Parari, Genival Queiroz, e uma luta minha quando assumi a prefeitura e hoje \u00e9 uma realidade , al\u00e9m da topografia da estrada que liga S\u00e3o Jo\u00e3o ao entroncamento de S\u00e3o Jos\u00e9 dos Cordeiros, a a topografia da estrada que liga S\u00e3o Jo\u00e3o do Cariri ao distrito da Ribeira, que pertence ao munic\u00edpio de Cabaceiras, enfim, muitas a\u00e7\u00f5es que demonstram o compromisso de Jo\u00e3o com a nossa regi\u00e3o\u201d.<\/p>\n<p>Segundo o prefeito Arthur Vieira, Jo\u00e3o Azev\u00eado foi um governador atuante por toda Para\u00edba e ser\u00e1 um Senador atuante tamb\u00e9m nos munic\u00edpios. Arthur destacou que, antes mesmo de assumir a prefeitura, o governo Jo\u00e3o j\u00e1 havia entregado v\u00e1rias obras e a\u00e7\u00f5es em benef\u00edcio da popula\u00e7\u00e3o.<\/p>\n<p>\u201cEstou como prefeito h\u00e1 um ano e quatro meses e durante esse pouco tempo de mandato, Jo\u00e3o enviou para nossa cidade o cal\u00e7amento que vai at\u00e9 pr\u00f3ximo \u00e0 divisa com a cidade de Paulista, mais de 5 km de travessias urbanas, a estrada que liga Riacho a S\u00e3o Bento, dois \u00f4nibus para transporte escolar, fora o que j\u00e1 tinha feito antes. Fico feliz em saber que podemos contar com Jo\u00e3o e com Lucas em um governo de continuidade que tem levado \u00e0 Para\u00edba a se transformar em um dos melhores estados do Brasil. No momento certo saberemos retribuir\u201d, disse Arthur.<\/p>\n<p>Em seguida, Jo\u00e3o Azev\u00eado ainda recebeu o apoio do ex-prefeito de Tapero\u00e1, J\u00fanior de Preto e dos vereadores Tito Rio Grande (PSB), Salatiel (PSB), Ant\u00f4nio Vicente (PSB) e da lideran\u00e7a Ant\u00f4nio Patativa. Eles estiveram reunidos com Jo\u00e3o Azev\u00eado na tarde desta segunda-feira (27) acompanhados do deputado federal Gerv\u00e1sio Maia (PC do B) e da pr\u00e9-candidata a deputada Maria Porto (Uni\u00e3o Brasil).<\/p>\n<p>O post Prefeitos de S\u00e3o Jo\u00e3o do Cariri e Riacho dos Cavalos declaram apoio a Jo\u00e3o Azev\u00eado para o Senado apareceu primeiro em De Olho no Cariri.<\/p>\n","protected":false},"excerpt":{"rendered":"<p>Os prefeitos de S\u00e3o Jo\u00e3o do Cariri, Chico de Eulina (Uni\u00e3o Brasil), e e Riacho dos Cavalos, Arthur Vieira (Progressista), reafirmaram apoio a pr\u00e9-candidatura de Jo\u00e3o Azev\u00eado (PSB) ao Senado Federal. Chico de Eulina e Arthur Vieira esteveram reunidos com Jo\u00e3o Azev\u00eado em Jo\u00e3o Pessoa na manh\u00e3 desta segunda-feira (27) em reconhecimento ao trabalho e [&hellip;]<\/p>\n","protected":false},"author":1,"featured_media":1712,"comment_status":"open","ping_status":"open","sticky":false,"template":"","format":"standard","meta":{"footnotes":""},"categories":[1],"tags":[],"class_list":["post-1711","post","type-post","status-publish","format-standard","has-post-thumbnail","hentry","category-brasil"],"_links":{"self":[{"href":"https:\/\/agoracariri.bops.com.br\/index.php?rest_route=\/wp\/v2\/posts\/1711","targetHints":{"allow":["GET"]}}],"collection":[{"href":"https:\/\/agoracariri.bops.com.br\/index.php?rest_route=\/wp\/v2\/posts"}],"about":[{"href":"https:\/\/agoracariri.bops.com.br\/index.php?rest_route=\/wp\/v2\/types\/post"}],"author":[{"embeddable":true,"href":"https:\/\/agoracariri.bops.com.br\/index.php?rest_route=\/wp\/v2\/users\/1"}],"replies":[{"embeddable":true,"href":"https:\/\/agoracariri.bops.com.br\/index.php?rest_route=%2Fwp%2Fv2%2Fcomments&post=1711"}],"version-history":[{"count":1,"href":"https:\/\/agoracariri.bops.com.br\/index.php?rest_route=\/wp\/v2\/posts\/1711\/revisions"}],"predecessor-version":[{"id":1739,"href":"https:\/\/agoracariri.bops.com.br\/index.php?rest_route=\/wp\/v2\/posts\/1711\/revisions\/1739"}],"wp:featuredmedia":[{"embeddable":true,"href":"https:\/\/agoracariri.bops.com.br\/index.php?rest_route=\/wp\/v2\/media\/1712"}],"wp:attachment":[{"href":"https:\/\/agoracariri.bops.com.br\/index.php?rest_route=%2Fwp%2Fv2%2Fmedia&parent=1711"}],"wp:term":[{"taxonomy":"category","embeddable":true,"href":"https:\/\/agoracariri.bops.com.br\/index.php?rest_route=%2Fwp%2Fv2%2Fcategories&post=1711"},{"taxonomy":"post_tag","embeddable":true,"href":"https:\/\/agoracariri.bops.com.br\/index.php?rest_route=%2Fwp%2Fv2%2Ftags&post=1711"}],"curies":[{"name":"wp","href":"https:\/\/api.w.org\/{rel}","templated":true}]}}