{"id":1709,"date":"2026-04-28T10:40:22","date_gmt":"2026-04-28T13:40:22","guid":{"rendered":"http:\/\/agoracariri.bops.com.br\/?p=1709"},"modified":"2026-04-28T10:40:22","modified_gmt":"2026-04-28T13:40:22","slug":"programacao-do-xamegao-2026-no-sao-joao-de-cajazeiras-pb-tem-menos-e-mais","status":"publish","type":"post","link":"https:\/\/agoracariri.bops.com.br\/?p=1709","title":{"rendered":"Programa\u00e7\u00e3o do Xameg\u00e3o 2026, no S\u00e3o Jo\u00e3o de Cajazeiras, PB, tem Menos \u00c9 Mais"},"content":{"rendered":"<p>Grupo Menos \u00e9 Mais \u00e9 atra\u00e7\u00e3o confirmada no Xameg\u00e3o 2026, em Cajazeiras, PB Foto: Divulga\u00e7\u00e3o \/ Redes Sociais A programa\u00e7\u00e3o do Xameg\u00e3o 2026, no S\u00e3o Jo\u00e3o de Cajazeiras, no Sert\u00e3o da Para\u00edba, foi divulgada nesta segunda-feira (27). O evento vai acontecer entre 23 e 28 de junho, e entre os nomes confirmados est\u00e3o a banda Menos \u00e9 Mais e o cantor Jap\u00e3ozin (confira a programa\u00e7\u00e3o ao fim da mat\u00e9ria).<\/p>\n","protected":false},"excerpt":{"rendered":"<p>Grupo Menos \u00e9 Mais \u00e9 atra\u00e7\u00e3o confirmada no Xameg\u00e3o 2026, em Cajazeiras, PB Foto: Divulga\u00e7\u00e3o \/ Redes Sociais A programa\u00e7\u00e3o do Xameg\u00e3o 2026, no S\u00e3o Jo\u00e3o de Cajazeiras, no Sert\u00e3o da Para\u00edba, foi divulgada nesta segunda-feira (27). O evento vai acontecer entre 23 e 28 de junho, e entre os nomes confirmados est\u00e3o a banda [&hellip;]<\/p>\n","protected":false},"author":1,"featured_media":1710,"comment_status":"open","ping_status":"open","sticky":false,"template":"","format":"standard","meta":{"footnotes":""},"categories":[1],"tags":[],"class_list":["post-1709","post","type-post","status-publish","format-standard","has-post-thumbnail","hentry","category-brasil"],"_links":{"self":[{"href":"https:\/\/agoracariri.bops.com.br\/index.php?rest_route=\/wp\/v2\/posts\/1709","targetHints":{"allow":["GET"]}}],"collection":[{"href":"https:\/\/agoracariri.bops.com.br\/index.php?rest_route=\/wp\/v2\/posts"}],"about":[{"href":"https:\/\/agoracariri.bops.com.br\/index.php?rest_route=\/wp\/v2\/types\/post"}],"author":[{"embeddable":true,"href":"https:\/\/agoracariri.bops.com.br\/index.php?rest_route=\/wp\/v2\/users\/1"}],"replies":[{"embeddable":true,"href":"https:\/\/agoracariri.bops.com.br\/index.php?rest_route=%2Fwp%2Fv2%2Fcomments&post=1709"}],"version-history":[{"count":1,"href":"https:\/\/agoracariri.bops.com.br\/index.php?rest_route=\/wp\/v2\/posts\/1709\/revisions"}],"predecessor-version":[{"id":1731,"href":"https:\/\/agoracariri.bops.com.br\/index.php?rest_route=\/wp\/v2\/posts\/1709\/revisions\/1731"}],"wp:featuredmedia":[{"embeddable":true,"href":"https:\/\/agoracariri.bops.com.br\/index.php?rest_route=\/wp\/v2\/media\/1710"}],"wp:attachment":[{"href":"https:\/\/agoracariri.bops.com.br\/index.php?rest_route=%2Fwp%2Fv2%2Fmedia&parent=1709"}],"wp:term":[{"taxonomy":"category","embeddable":true,"href":"https:\/\/agoracariri.bops.com.br\/index.php?rest_route=%2Fwp%2Fv2%2Fcategories&post=1709"},{"taxonomy":"post_tag","embeddable":true,"href":"https:\/\/agoracariri.bops.com.br\/index.php?rest_route=%2Fwp%2Fv2%2Ftags&post=1709"}],"curies":[{"name":"wp","href":"https:\/\/api.w.org\/{rel}","templated":true}]}}