{"id":1707,"date":"2026-04-28T10:17:28","date_gmt":"2026-04-28T13:17:28","guid":{"rendered":"https:\/\/agoracariri.bops.com.br\/?p=1707"},"modified":"2026-04-28T10:17:28","modified_gmt":"2026-04-28T13:17:28","slug":"vereadora-de-bayeux-e-alvo-de-operacao-que-investiga-esquema-de-rachadinha","status":"publish","type":"post","link":"https:\/\/agoracariri.bops.com.br\/?p=1707","title":{"rendered":"Vereadora de Bayeux \u00e9 alvo de opera\u00e7\u00e3o que investiga esquema de &#8216;rachadinha&#8217;"},"content":{"rendered":"<p>Pr\u00e9dio onde mora vereadora alvo de opera\u00e7\u00e3o da Pol\u00edcia Civil Reprodu\u00e7\u00e3o\/TV Cabo Branco Uma vereadora da cidade de Bayeux, na Grande Jo\u00e3o Pessoa, foi alvo de um mandado de busca e apreens\u00e3o, em uma opera\u00e7\u00e3o da Pol\u00edcia Civil, deflagrada na manh\u00e3 desta ter\u00e7a-feira (28). A opera\u00e7\u00e3o investiga um esquema de &quot;rachadinha&quot; e desvio de dinheiro p\u00fablico.<\/p>\n<p>Al\u00e9m da parlamentar, seu filho e um assessor tamb\u00e9m s\u00e3o alvos da investiga\u00e7\u00e3o. De acordo com a delegada Viviane Magalh\u00e3es, Rosilene Sarinho foi afastada do cargo por tempo indeterminado, para a continuidade das investiga\u00e7\u00f5es. A delegada explicou que a suspeita \u00e9 de que o esquema consistia em contratar pessoas para cargos de confian\u00e7a, desde que elas devolvessem parte do sal\u00e1rio.<\/p>\n<p>&quot;Os ind\u00edcios levam a crer que, na \u00e9poca em que ela estava do lado da prefeitura, tinha alguns cargos de confian\u00e7a e, para ver a condi\u00e7\u00e3o para que essas pessoas fossem contratadas, era que repassassem uma porcentagem dos sal\u00e1rios, aquilo que a gente chama de rachadinha&quot;, disse \u00e0 TV Cabo Branco. Segundo informa\u00e7\u00f5es apuradas pela TV Cabo Branco, no momento em que os policiais chegaram ao seu apartamento, a vereadora teria jogado um celular pela janela, em uma aparente tentativa de se livrar de provas.<\/p>\n","protected":false},"excerpt":{"rendered":"<p>Pr\u00e9dio onde mora vereadora alvo de opera\u00e7\u00e3o da Pol\u00edcia Civil Reprodu\u00e7\u00e3o\/TV Cabo Branco Uma vereadora da cidade de Bayeux, na Grande Jo\u00e3o Pessoa, foi alvo de um mandado de busca e apreens\u00e3o, em uma opera\u00e7\u00e3o da Pol\u00edcia Civil, deflagrada na manh\u00e3 desta ter\u00e7a-feira (28). A opera\u00e7\u00e3o investiga um esquema de &quot;rachadinha&quot; e desvio de dinheiro [&hellip;]<\/p>\n","protected":false},"author":1,"featured_media":1708,"comment_status":"open","ping_status":"open","sticky":false,"template":"","format":"standard","meta":{"footnotes":""},"categories":[1],"tags":[],"class_list":["post-1707","post","type-post","status-publish","format-standard","has-post-thumbnail","hentry","category-brasil"],"_links":{"self":[{"href":"https:\/\/agoracariri.bops.com.br\/index.php?rest_route=\/wp\/v2\/posts\/1707","targetHints":{"allow":["GET"]}}],"collection":[{"href":"https:\/\/agoracariri.bops.com.br\/index.php?rest_route=\/wp\/v2\/posts"}],"about":[{"href":"https:\/\/agoracariri.bops.com.br\/index.php?rest_route=\/wp\/v2\/types\/post"}],"author":[{"embeddable":true,"href":"https:\/\/agoracariri.bops.com.br\/index.php?rest_route=\/wp\/v2\/users\/1"}],"replies":[{"embeddable":true,"href":"https:\/\/agoracariri.bops.com.br\/index.php?rest_route=%2Fwp%2Fv2%2Fcomments&post=1707"}],"version-history":[{"count":1,"href":"https:\/\/agoracariri.bops.com.br\/index.php?rest_route=\/wp\/v2\/posts\/1707\/revisions"}],"predecessor-version":[{"id":1730,"href":"https:\/\/agoracariri.bops.com.br\/index.php?rest_route=\/wp\/v2\/posts\/1707\/revisions\/1730"}],"wp:featuredmedia":[{"embeddable":true,"href":"https:\/\/agoracariri.bops.com.br\/index.php?rest_route=\/wp\/v2\/media\/1708"}],"wp:attachment":[{"href":"https:\/\/agoracariri.bops.com.br\/index.php?rest_route=%2Fwp%2Fv2%2Fmedia&parent=1707"}],"wp:term":[{"taxonomy":"category","embeddable":true,"href":"https:\/\/agoracariri.bops.com.br\/index.php?rest_route=%2Fwp%2Fv2%2Fcategories&post=1707"},{"taxonomy":"post_tag","embeddable":true,"href":"https:\/\/agoracariri.bops.com.br\/index.php?rest_route=%2Fwp%2Fv2%2Ftags&post=1707"}],"curies":[{"name":"wp","href":"https:\/\/api.w.org\/{rel}","templated":true}]}}