{"id":1705,"date":"2026-04-28T09:14:28","date_gmt":"2026-04-28T12:14:28","guid":{"rendered":"http:\/\/agoracariri.bops.com.br\/?p=1705"},"modified":"2026-04-28T09:14:28","modified_gmt":"2026-04-28T12:14:28","slug":"idosa-desaparecida-apos-acompanhar-amigo-em-consulta-o-que-se-sabe-sobre-o-caso-investigado-pela-policia","status":"publish","type":"post","link":"https:\/\/agoracariri.bops.com.br\/?p=1705","title":{"rendered":"Idosa desaparecida ap\u00f3s acompanhar amigo em consulta: o que se sabe sobre o caso investigado pela Pol\u00edcia"},"content":{"rendered":"<p>Per\u00edcia \u00e9 realizada em casa e carro de amigo de idosa que desapareceu na Grande JP Uma idosa identificada como Milce Daniel Pessoa, de 72 anos, desapareceu desde a manh\u00e3 da quarta-feira (22) e a Pol\u00edcia Civil fez uma s\u00e9rie de a\u00e7\u00f5es em busca de encontr\u00e1-la e desvendar o motivo do desaparecimento desde ent\u00e3o.<\/p>\n<p>De acordo com um amigo de Milce, Willis Carmo, que foi acompanhado pela idosa em uma consulta m\u00e9dica, em Santa Rita, cidade na Grande Jo\u00e3o Pessoa, ela desapareceu ap\u00f3s ambos irem colher manga em um terreno ap\u00f3s a sa\u00edda do hospital. O g1 separou as principais informa\u00e7\u00f5es sobre o caso, desde o dia do desaparecimento at\u00e9 uma per\u00edcia realizada na casa do amigo da idosa.<\/p>\n<p>O desaparecimento aconteceu na quarta-feira (22) pela manh\u00e3. A filha contou que o homem disse que ambos foram para aquela regi\u00e3o para pegar manga, pois a idosa teria argumentado que estava com fome e queria comer a fruta. Por\u00e9m, ao se abaixar no processo de retirada da manga da \u00e1rvore, o homem n\u00e3o visualizou mais a idosa.<\/p>\n<p>Um boletim de ocorr\u00eancia foi realizado na Pol\u00edcia Civil, que investiga o caso desde ent\u00e3o. O Corpo de Bombeiros chegou a realizar uma busca na \u00e1rea em que a idosa desapareceu, nesta sexta-feira (24), mas n\u00e3o a encontrou. O que diz o amigo da idosa Caso de idosa desaparecida avan\u00e7a com per\u00edcia em Bayeux (PB) O amigo da idosa, Willis do Carmo, falou oficialmente no inqu\u00e9rito da Pol\u00edcia Civil, em depoimento colhido na segunda-feira (27), na delegacia de Bayeux, na Grande Jo\u00e3o Pessoa.<\/p>\n<p>Em entrevista para a TV Cabo Branco, o homem disse que a mulher sumiu \u201cnum piscar de olhos\u201d, enquanto os dois apanhavam mangas. \u201cNum piscar de olhos, como se fosse um descuido com uma crian\u00e7a. A\u00ed eu procurei ela, depois que juntei as 26 mangas, mais ou menos. A\u00ed a mulher desapareceu\u201d, afirmou Willis.<\/p>\n<p>A aposentada havia acompanhado o amigo e vizinho em um exame no Hospital Metropolitano Dom Jos\u00e9 Maria Pires. Segundo ele, na volta, os dois desceram do carro para pegar mangas em uma \u00e1rea pr\u00f3xima ao bairro onde residem, em Bayeux. Ap\u00f3s perceber o desaparecimento da amiga, Willis do Carmo foi at\u00e9 a resid\u00eancia dela, onde a idosa morava com uma das filhas, para informar a fam\u00edlia.<\/p>\n<p>Em seguida, a Pol\u00edcia Civil foi acionada. O amigo de Milce afirmou que parou para apanhar mangas para atender a um desejo dela, com quem mant\u00e9m amizade h\u00e1 pelo menos 40 anos. \u201cA justi\u00e7a tem que saber que eu fui fazer o gosto dela, que ela \u00e9 louca por manga, todo mundo sabe que ela \u00e9 louca por manga\u201d, relatou.<\/p>\n<p>As investiga\u00e7\u00f5es da pol\u00edcia Pol\u00edcia realiza per\u00edcia em casa e no carro de amigo de idosa desaparecida na Grande Jo\u00e3o Pessoa Diogo Pinheiro\/TV Cabo Branco Desde a abertura do boletim de ocorr\u00eancia do desaparecimento da idosa por parte da fam\u00edlia, a Pol\u00edcia Civil come\u00e7ou a investigar a situa\u00e7\u00e3o. Na segunda-feira (27), al\u00e9m de colher o depoimento do idoso, uma per\u00edcia foi realizada na casa dele e tamb\u00e9m no carro.<\/p>\n<p>Foram encontrados durante a per\u00edcia,  dentro do carro do homem, fios de cabelo e tamb\u00e9m o que aparenta ser um peda\u00e7o de tecido na mesma cor do vestido que a idosa usava quando desapareceu, durante as per\u00edcias realizadas pelo Instituto de Pol\u00edcia Cient\u00edfica da Para\u00edba (IPC-PB). Esse material foi recolhido para an\u00e1lise.<\/p>\n<p>Ainda n\u00e3o se sabe de quem era esse material. &quot;A per\u00edcia aqui faz um levantamento de microvest\u00edgios, ela examina qualquer objeto dentro do ve\u00edculo que pode estar sendo ao fato relacionado e investigado, procura manchas semelhantes a sangue, pelos, que podem ser examinados como relacionados ao pelo humano, ou outros vest\u00edgios do tipo&quot;, explicou Elaine Soares, perita do IPC Sobre os fios de cabelo encontrados, a perita explicou que o material vai para an\u00e1lise laboratorial e &quot;serem relacionados ou n\u00e3o&quot; com o caso.<\/p>\n<p>O delegado Douglas Garc\u00eda, respons\u00e1vel pela apura\u00e7\u00e3o do desaparecimento, n\u00e3o informou detalhes sobre os motivos pelos quais tanto a casa do homem quanto o carro passam por per\u00edcia ou se o homem \u00e9 considerado suspeito no caso. \u00c9 esperado que outras a\u00e7\u00f5es da Pol\u00edcia Civil sejam feitas sobre o caso nesta ter\u00e7a-feira (28).<\/p>\n","protected":false},"excerpt":{"rendered":"<p>Per\u00edcia \u00e9 realizada em casa e carro de amigo de idosa que desapareceu na Grande JP Uma idosa identificada como Milce Daniel Pessoa, de 72 anos, desapareceu desde a manh\u00e3 da quarta-feira (22) e a Pol\u00edcia Civil fez uma s\u00e9rie de a\u00e7\u00f5es em busca de encontr\u00e1-la e desvendar o motivo do desaparecimento desde ent\u00e3o. De [&hellip;]<\/p>\n","protected":false},"author":1,"featured_media":1706,"comment_status":"open","ping_status":"open","sticky":false,"template":"","format":"standard","meta":{"footnotes":""},"categories":[4],"tags":[],"class_list":["post-1705","post","type-post","status-publish","format-standard","has-post-thumbnail","hentry","category-policial"],"_links":{"self":[{"href":"https:\/\/agoracariri.bops.com.br\/index.php?rest_route=\/wp\/v2\/posts\/1705","targetHints":{"allow":["GET"]}}],"collection":[{"href":"https:\/\/agoracariri.bops.com.br\/index.php?rest_route=\/wp\/v2\/posts"}],"about":[{"href":"https:\/\/agoracariri.bops.com.br\/index.php?rest_route=\/wp\/v2\/types\/post"}],"author":[{"embeddable":true,"href":"https:\/\/agoracariri.bops.com.br\/index.php?rest_route=\/wp\/v2\/users\/1"}],"replies":[{"embeddable":true,"href":"https:\/\/agoracariri.bops.com.br\/index.php?rest_route=%2Fwp%2Fv2%2Fcomments&post=1705"}],"version-history":[{"count":1,"href":"https:\/\/agoracariri.bops.com.br\/index.php?rest_route=\/wp\/v2\/posts\/1705\/revisions"}],"predecessor-version":[{"id":1724,"href":"https:\/\/agoracariri.bops.com.br\/index.php?rest_route=\/wp\/v2\/posts\/1705\/revisions\/1724"}],"wp:featuredmedia":[{"embeddable":true,"href":"https:\/\/agoracariri.bops.com.br\/index.php?rest_route=\/wp\/v2\/media\/1706"}],"wp:attachment":[{"href":"https:\/\/agoracariri.bops.com.br\/index.php?rest_route=%2Fwp%2Fv2%2Fmedia&parent=1705"}],"wp:term":[{"taxonomy":"category","embeddable":true,"href":"https:\/\/agoracariri.bops.com.br\/index.php?rest_route=%2Fwp%2Fv2%2Fcategories&post=1705"},{"taxonomy":"post_tag","embeddable":true,"href":"https:\/\/agoracariri.bops.com.br\/index.php?rest_route=%2Fwp%2Fv2%2Ftags&post=1705"}],"curies":[{"name":"wp","href":"https:\/\/api.w.org\/{rel}","templated":true}]}}