{"id":1696,"date":"2026-04-27T22:46:26","date_gmt":"2026-04-28T01:46:26","guid":{"rendered":"http:\/\/agoracariri.bops.com.br\/?p=1696"},"modified":"2026-04-27T22:46:26","modified_gmt":"2026-04-28T01:46:26","slug":"indice-de-infestacao-de-aedes-aegypti-em-imoveis-se-aproxima-de-5-e-acende-alerta-de-alto-risco-em-campina-grande","status":"publish","type":"post","link":"https:\/\/agoracariri.bops.com.br\/?p=1696","title":{"rendered":"\u00cdndice de infesta\u00e7\u00e3o de Aedes aegypti em im\u00f3veis se aproxima de 5% e acende alerta de alto risco, em Campina Grande"},"content":{"rendered":"<p>\u00cdndice de infesta\u00e7\u00e3o de Aedes aegypti em im\u00f3veis se aproxima de 5% e acende alerta de alto risco, em Campina Grande Reprodu\u00e7\u00e3o\/RBS TV O \u00edndice de infesta\u00e7\u00e3o de aedes aegypti em resid\u00eancias de Campina Grande chegou a 4,7%, de acordo com um levantamento feito pela Secretaria Municipal de Sa\u00fade e divulgado nesta segunda-feira (27).<\/p>\n<p>S\u00e3o considerados de baixo risco os \u00edndices abaixo de 1,0%; de m\u00e9dio risco, entre 1,0% e 3,9%; e de alto risco, aqueles iguais ou acima de 4,0%. Esse levantamento, denominado de &quot;Levantamento R\u00e1pido de \u00cdndices para o Aedes aegypti (LIRAa) de 2026&quot;, levou em conta dados coletados entre os dias 23 e 27 de mar\u00e7o, em inspe\u00e7\u00e3o de 9.130 im\u00f3veis, em 63 bairros da cidade.<\/p>\n<p>Do total de bairros da cidade, 33 localidades foram classificadas como em alto risco, com os maiores \u00edndices registrados nos bairros Malvinas (9,4%), Velame (9,1%), Palmeira Imperial (9,1%) e o bairro das Cidades (9,1%). Por outro lado, os menores \u00edndices foram nos bairros Jos\u00e9 Pinheiro, Mirante, Monte Castelo e Ronaldo Cunha Lima, com 1,6%, mas ainda assim esse n\u00famero \u00e9 classificado como m\u00e9dio risco.<\/p>\n<p>Conforme a Secret\u00e1ria de Sa\u00fade de Campina Grande, esses n\u00fameros j\u00e1 eram esperados devido ao per\u00edodo chuvoso, que favorece o ac\u00famulo de \u00e1gua e a forma\u00e7\u00e3o de criadouros do mosquito. A Vigil\u00e2ncia Ambiental da cidade afirmou que os bairros com \u00edndices mais elevados j\u00e1 est\u00e3o recebendo uma maior aten\u00e7\u00e3o no enfrentamento a prolifera\u00e7\u00e3o do mosquito.<\/p>\n","protected":false},"excerpt":{"rendered":"<p>\u00cdndice de infesta\u00e7\u00e3o de Aedes aegypti em im\u00f3veis se aproxima de 5% e acende alerta de alto risco, em Campina Grande Reprodu\u00e7\u00e3o\/RBS TV O \u00edndice de infesta\u00e7\u00e3o de aedes aegypti em resid\u00eancias de Campina Grande chegou a 4,7%, de acordo com um levantamento feito pela Secretaria Municipal de Sa\u00fade e divulgado nesta segunda-feira (27). S\u00e3o [&hellip;]<\/p>\n","protected":false},"author":1,"featured_media":1697,"comment_status":"open","ping_status":"open","sticky":false,"template":"","format":"standard","meta":{"footnotes":""},"categories":[1],"tags":[],"class_list":["post-1696","post","type-post","status-publish","format-standard","has-post-thumbnail","hentry","category-brasil"],"_links":{"self":[{"href":"https:\/\/agoracariri.bops.com.br\/index.php?rest_route=\/wp\/v2\/posts\/1696","targetHints":{"allow":["GET"]}}],"collection":[{"href":"https:\/\/agoracariri.bops.com.br\/index.php?rest_route=\/wp\/v2\/posts"}],"about":[{"href":"https:\/\/agoracariri.bops.com.br\/index.php?rest_route=\/wp\/v2\/types\/post"}],"author":[{"embeddable":true,"href":"https:\/\/agoracariri.bops.com.br\/index.php?rest_route=\/wp\/v2\/users\/1"}],"replies":[{"embeddable":true,"href":"https:\/\/agoracariri.bops.com.br\/index.php?rest_route=%2Fwp%2Fv2%2Fcomments&post=1696"}],"version-history":[{"count":1,"href":"https:\/\/agoracariri.bops.com.br\/index.php?rest_route=\/wp\/v2\/posts\/1696\/revisions"}],"predecessor-version":[{"id":1704,"href":"https:\/\/agoracariri.bops.com.br\/index.php?rest_route=\/wp\/v2\/posts\/1696\/revisions\/1704"}],"wp:featuredmedia":[{"embeddable":true,"href":"https:\/\/agoracariri.bops.com.br\/index.php?rest_route=\/wp\/v2\/media\/1697"}],"wp:attachment":[{"href":"https:\/\/agoracariri.bops.com.br\/index.php?rest_route=%2Fwp%2Fv2%2Fmedia&parent=1696"}],"wp:term":[{"taxonomy":"category","embeddable":true,"href":"https:\/\/agoracariri.bops.com.br\/index.php?rest_route=%2Fwp%2Fv2%2Fcategories&post=1696"},{"taxonomy":"post_tag","embeddable":true,"href":"https:\/\/agoracariri.bops.com.br\/index.php?rest_route=%2Fwp%2Fv2%2Ftags&post=1696"}],"curies":[{"name":"wp","href":"https:\/\/api.w.org\/{rel}","templated":true}]}}