{"id":1687,"date":"2026-04-27T20:28:59","date_gmt":"2026-04-27T23:28:59","guid":{"rendered":"http:\/\/agoracariri.bops.com.br\/?p=1687"},"modified":"2026-04-27T20:28:59","modified_gmt":"2026-04-27T23:28:59","slug":"uepb-inicia-semestre-letivo-com-uso-de-sistema-de-reconhecimento-facial-no-campus-de-campina-grande","status":"publish","type":"post","link":"https:\/\/agoracariri.bops.com.br\/?p=1687","title":{"rendered":"UEPB inicia semestre letivo com uso de sistema de reconhecimento facial no campus de Campina Grande"},"content":{"rendered":"<p>Catracas de reconhecimento facial na UEPB, em Campina Grande Foto: Reprodu\u00e7\u00e3o UEPB. A Universidade Estadual da Para\u00edba iniciou, nesta segunda-feira (27), o semestre letivo 2026.1 com a implanta\u00e7\u00e3o de um sistema de reconhecimento facial no campus de Campina Grande. A tecnologia passa a ser utilizada por alunos e funcion\u00e1rios como parte das medidas de seguran\u00e7a adotadas pela institui\u00e7\u00e3o no in\u00edcio do per\u00edodo acad\u00eamico.<\/p>\n<p>Ap\u00f3s o ataque, o autor dos disparos, Fl\u00e1vio Medeiros, tirou a pr\u00f3pria vida. Outras pessoas tamb\u00e9m foram afetadas pela situa\u00e7\u00e3o, incluindo uma estudante que pulou do primeiro andar durante a correria e um idoso que passou mal ap\u00f3s ouvir os tiros. Ap\u00f3s o ocorrido, os equipamentos de reconhecimento facial foram instalados na Central Acad\u00eamica Paulo Freire, onde funcionam os cursos do Centro de Ci\u00eancias Sociais Aplicadas (CCSA), Centro de Educa\u00e7\u00e3o (CEDUC) e Faculdade de Lingu\u00edsticas, Letras e Artes (FALLA).<\/p>\n<p>V\u00eddeos em alta no g1 O cadastro da biometria facial foi realizado por meio do Sistema Unificado de Administra\u00e7\u00e3o P\u00fablica (SUAP), que reuniu as informa\u00e7\u00f5es dos estudantes e servidores da institui\u00e7\u00e3o para o uso das 12 catracas eletr\u00f4nicas. At\u00e9 ent\u00e3o, foram cadastradas quase 20 mil biometrias. Com o in\u00edcio do semestre letivo, o fluxo de pessoas em circula\u00e7\u00e3o no c\u00e2mpus passar\u00e1 a ser monitorado pelo Centro Integrado de Comando e Controle de Campina Grande (CICC).<\/p>\n<p>Outras medidas de seguran\u00e7a Al\u00e9m da implementa\u00e7\u00e3o das catracas, outros equipamentos de seguran\u00e7a foram instalados na institui\u00e7\u00e3o. De acordo com a UEPB, foram instaladas quatro c\u00e2meras de monitoramento com vis\u00e3o em 360 graus e 168 c\u00e2meras inteligentes com reconhecimento facial ao longo do c\u00e2mpus I. Junto aos equipamentos, 14 totens com bot\u00e3o de p\u00e2nico tamb\u00e9m foram distribu\u00eddos ao longo do per\u00edmetro da institui\u00e7\u00e3o.<\/p>\n","protected":false},"excerpt":{"rendered":"<p>Catracas de reconhecimento facial na UEPB, em Campina Grande Foto: Reprodu\u00e7\u00e3o UEPB. A Universidade Estadual da Para\u00edba iniciou, nesta segunda-feira (27), o semestre letivo 2026.1 com a implanta\u00e7\u00e3o de um sistema de reconhecimento facial no campus de Campina Grande. A tecnologia passa a ser utilizada por alunos e funcion\u00e1rios como parte das medidas de seguran\u00e7a [&hellip;]<\/p>\n","protected":false},"author":1,"featured_media":1688,"comment_status":"open","ping_status":"open","sticky":false,"template":"","format":"standard","meta":{"footnotes":""},"categories":[1],"tags":[],"class_list":["post-1687","post","type-post","status-publish","format-standard","has-post-thumbnail","hentry","category-brasil"],"_links":{"self":[{"href":"https:\/\/agoracariri.bops.com.br\/index.php?rest_route=\/wp\/v2\/posts\/1687","targetHints":{"allow":["GET"]}}],"collection":[{"href":"https:\/\/agoracariri.bops.com.br\/index.php?rest_route=\/wp\/v2\/posts"}],"about":[{"href":"https:\/\/agoracariri.bops.com.br\/index.php?rest_route=\/wp\/v2\/types\/post"}],"author":[{"embeddable":true,"href":"https:\/\/agoracariri.bops.com.br\/index.php?rest_route=\/wp\/v2\/users\/1"}],"replies":[{"embeddable":true,"href":"https:\/\/agoracariri.bops.com.br\/index.php?rest_route=%2Fwp%2Fv2%2Fcomments&post=1687"}],"version-history":[{"count":1,"href":"https:\/\/agoracariri.bops.com.br\/index.php?rest_route=\/wp\/v2\/posts\/1687\/revisions"}],"predecessor-version":[{"id":1700,"href":"https:\/\/agoracariri.bops.com.br\/index.php?rest_route=\/wp\/v2\/posts\/1687\/revisions\/1700"}],"wp:featuredmedia":[{"embeddable":true,"href":"https:\/\/agoracariri.bops.com.br\/index.php?rest_route=\/wp\/v2\/media\/1688"}],"wp:attachment":[{"href":"https:\/\/agoracariri.bops.com.br\/index.php?rest_route=%2Fwp%2Fv2%2Fmedia&parent=1687"}],"wp:term":[{"taxonomy":"category","embeddable":true,"href":"https:\/\/agoracariri.bops.com.br\/index.php?rest_route=%2Fwp%2Fv2%2Fcategories&post=1687"},{"taxonomy":"post_tag","embeddable":true,"href":"https:\/\/agoracariri.bops.com.br\/index.php?rest_route=%2Fwp%2Fv2%2Ftags&post=1687"}],"curies":[{"name":"wp","href":"https:\/\/api.w.org\/{rel}","templated":true}]}}