{"id":1683,"date":"2026-04-27T18:47:54","date_gmt":"2026-04-27T21:47:54","guid":{"rendered":"https:\/\/agoracariri.bops.com.br\/?p=1683"},"modified":"2026-04-27T18:47:54","modified_gmt":"2026-04-27T21:47:54","slug":"aluno-e-suspeito-de-esfaquear-colega-de-sala-em-escola-de-joao-pessoa","status":"publish","type":"post","link":"https:\/\/agoracariri.bops.com.br\/?p=1683","title":{"rendered":"Aluno \u00e9 suspeito de esfaquear colega de sala em escola de Jo\u00e3o Pessoa"},"content":{"rendered":"<p>Ainda n\u00e3o h\u00e1 informa\u00e7\u00f5es sobre a motiva\u00e7\u00e3o para isso ter acontecido. O suspeito fugiu do local e at\u00e9 a \u00faltima atualiza\u00e7\u00e3o n\u00e3o havia sido encontrado. O aluno ferido, de 16 anos, foi levado para o Hospital de Trauma de Jo\u00e3o Pessoa, onde passou por procedimento m\u00e9dicos de emerg\u00eancia e segue em observa\u00e7\u00e3o da Cirurgia Geral, com quadro cl\u00ednico est\u00e1vel.<\/p>\n<p>A escola \u00e9 de administra\u00e7\u00e3o estadual da Secretaria de Educa\u00e7\u00e3o, que por meio de nota, informou  que adotou &quot;provid\u00eancias necess\u00e1rias&quot; ap\u00f3s o caso. A secretaria tamb\u00e9m afirmou que foi &quot;alinhada a realiza\u00e7\u00e3o de uma visita t\u00e9cnica com a equipe do servi\u00e7o de sa\u00fade socioemocional e do NAGE, com o objetivo de prestar suporte \u00e0 comunidade escolar e garantir o acompanhamento do caso de forma respons\u00e1vel e cont\u00ednua&quot;.<\/p>\n","protected":false},"excerpt":{"rendered":"<p>Ainda n\u00e3o h\u00e1 informa\u00e7\u00f5es sobre a motiva\u00e7\u00e3o para isso ter acontecido. O suspeito fugiu do local e at\u00e9 a \u00faltima atualiza\u00e7\u00e3o n\u00e3o havia sido encontrado. O aluno ferido, de 16 anos, foi levado para o Hospital de Trauma de Jo\u00e3o Pessoa, onde passou por procedimento m\u00e9dicos de emerg\u00eancia e segue em observa\u00e7\u00e3o da Cirurgia Geral, [&hellip;]<\/p>\n","protected":false},"author":1,"featured_media":1684,"comment_status":"open","ping_status":"open","sticky":false,"template":"","format":"standard","meta":{"footnotes":""},"categories":[1],"tags":[],"class_list":["post-1683","post","type-post","status-publish","format-standard","has-post-thumbnail","hentry","category-brasil"],"_links":{"self":[{"href":"https:\/\/agoracariri.bops.com.br\/index.php?rest_route=\/wp\/v2\/posts\/1683","targetHints":{"allow":["GET"]}}],"collection":[{"href":"https:\/\/agoracariri.bops.com.br\/index.php?rest_route=\/wp\/v2\/posts"}],"about":[{"href":"https:\/\/agoracariri.bops.com.br\/index.php?rest_route=\/wp\/v2\/types\/post"}],"author":[{"embeddable":true,"href":"https:\/\/agoracariri.bops.com.br\/index.php?rest_route=\/wp\/v2\/users\/1"}],"replies":[{"embeddable":true,"href":"https:\/\/agoracariri.bops.com.br\/index.php?rest_route=%2Fwp%2Fv2%2Fcomments&post=1683"}],"version-history":[{"count":1,"href":"https:\/\/agoracariri.bops.com.br\/index.php?rest_route=\/wp\/v2\/posts\/1683\/revisions"}],"predecessor-version":[{"id":1692,"href":"https:\/\/agoracariri.bops.com.br\/index.php?rest_route=\/wp\/v2\/posts\/1683\/revisions\/1692"}],"wp:featuredmedia":[{"embeddable":true,"href":"https:\/\/agoracariri.bops.com.br\/index.php?rest_route=\/wp\/v2\/media\/1684"}],"wp:attachment":[{"href":"https:\/\/agoracariri.bops.com.br\/index.php?rest_route=%2Fwp%2Fv2%2Fmedia&parent=1683"}],"wp:term":[{"taxonomy":"category","embeddable":true,"href":"https:\/\/agoracariri.bops.com.br\/index.php?rest_route=%2Fwp%2Fv2%2Fcategories&post=1683"},{"taxonomy":"post_tag","embeddable":true,"href":"https:\/\/agoracariri.bops.com.br\/index.php?rest_route=%2Fwp%2Fv2%2Ftags&post=1683"}],"curies":[{"name":"wp","href":"https:\/\/api.w.org\/{rel}","templated":true}]}}