{"id":1679,"date":"2026-04-27T18:17:46","date_gmt":"2026-04-27T21:17:46","guid":{"rendered":"http:\/\/agoracariri.bops.com.br\/?p=1679"},"modified":"2026-04-27T18:17:46","modified_gmt":"2026-04-27T21:17:46","slug":"mppb-entra-com-acao-na-justica-por-danos-ambientais-na-bacia-do-rio-jaguaribe-na-grande-joao-pessoa","status":"publish","type":"post","link":"https:\/\/agoracariri.bops.com.br\/?p=1679","title":{"rendered":"MPPB entra com a\u00e7\u00e3o na Justi\u00e7a por danos ambientais na Bacia do Rio Jaguaribe, na Grande Jo\u00e3o Pessoa"},"content":{"rendered":"<p>MPPB entra com a\u00e7\u00e3o na Justi\u00e7a por danos ambientais na Bacia do Rio Jaguaribe, na Grande Jo\u00e3o Pessoa Reprodu\u00e7\u00e3o\/TV Cabo Branco O Minist\u00e9rio P\u00fablico da Para\u00edba (MPPB) entrou com uma a\u00e7\u00e3o na Justi\u00e7a por danos ambientais no Rio Jaguaribe, contra os munic\u00edpios de Cabedelo e Jo\u00e3o Pessoa, a Superintend\u00eancia de Administra\u00e7\u00e3o do Meio Ambiente (Sudema) e a Companhia de \u00c1gua e Esgoto (Cagepa), em um processo qe apura &quot;grave degrada\u00e7\u00e3o ambiental&quot; na bacia do rio.<\/p>\n<p>O g1 entrou em contato com os munic\u00edpios de Jo\u00e3o Pessoa, Cabedelo e os \u00f3rg\u00e3os estaduais citados. O procurador-municipal da capital disse ainda n\u00e3o ter tido acesso ao processo, a prefeitura de Cabedelo n\u00e3o respondeu, assim como Sudema e Cagepa. Entre as principais medidas solicitadas est\u00e3o a realiza\u00e7\u00e3o, no prazo de 15 dias, de fiscaliza\u00e7\u00e3o integrada da foz do rio \u00e0 faixa costeira, que fica compreendida entre o Bessa e Intermares.<\/p>\n<p>Outra medida solicitada \u00e9 a apresenta\u00e7\u00e3o de um plano preliminar de atua\u00e7\u00e3o entre os \u00f3rg\u00e3os, contendo divis\u00e3o de atribui\u00e7\u00f5es, medidas imediatas, respons\u00e1veis t\u00e9cnicos e cronograma inicial para execu\u00e7\u00e3o. A a\u00e7\u00e3o tamb\u00e9m requer a condena\u00e7\u00e3o de todos os \u00f3rg\u00e3os citados por dano moral coletivo, com valor ainda a ser definido pela Justi\u00e7a, por alegado dano ambiental continuado, com reflexos sobre o rio, corpos de \u00e1guas costeiros e praias urbanas.<\/p>\n<p>V\u00eddeos em alta no g1 MP apontou ind\u00edcios de problemas nas \u00e1guas do rio Essa a\u00e7\u00e3o \u00e9 um desdobramento de um inqu\u00e9rito civil isntaurado pelo MP anteriormente, que apurou &quot;grave quadro de degrada\u00e7\u00e3o ambiental&quot; no Rio Jaguaribe. O desdobramento na Justi\u00e7a tramita foi protocolado na 2\u00aa Vara de Fazenda P\u00fablica da Capital.<\/p>\n<p>O \u00f3rg\u00e3o apontou uma s\u00e9rie de problemas nas \u00e1guas do rio encontradas durante a apura\u00e7\u00e3o, entre eles: altera\u00e7\u00e3o da qualidade da \u00e1gua, presen\u00e7a de espuma branca com odor qu\u00edmico, turbidez acentuada, mortandade de peixes, forma\u00e7\u00e3o de manchas escuras, escoamento de \u00e1guas visualmente polu\u00eddas em dire\u00e7\u00e3o ao mar e comprometimento da balneabilidade da zona costeira.<\/p>\n","protected":false},"excerpt":{"rendered":"<p>MPPB entra com a\u00e7\u00e3o na Justi\u00e7a por danos ambientais na Bacia do Rio Jaguaribe, na Grande Jo\u00e3o Pessoa Reprodu\u00e7\u00e3o\/TV Cabo Branco O Minist\u00e9rio P\u00fablico da Para\u00edba (MPPB) entrou com uma a\u00e7\u00e3o na Justi\u00e7a por danos ambientais no Rio Jaguaribe, contra os munic\u00edpios de Cabedelo e Jo\u00e3o Pessoa, a Superintend\u00eancia de Administra\u00e7\u00e3o do Meio Ambiente (Sudema) [&hellip;]<\/p>\n","protected":false},"author":1,"featured_media":1680,"comment_status":"open","ping_status":"open","sticky":false,"template":"","format":"standard","meta":{"footnotes":""},"categories":[1],"tags":[],"class_list":["post-1679","post","type-post","status-publish","format-standard","has-post-thumbnail","hentry","category-brasil"],"_links":{"self":[{"href":"https:\/\/agoracariri.bops.com.br\/index.php?rest_route=\/wp\/v2\/posts\/1679","targetHints":{"allow":["GET"]}}],"collection":[{"href":"https:\/\/agoracariri.bops.com.br\/index.php?rest_route=\/wp\/v2\/posts"}],"about":[{"href":"https:\/\/agoracariri.bops.com.br\/index.php?rest_route=\/wp\/v2\/types\/post"}],"author":[{"embeddable":true,"href":"https:\/\/agoracariri.bops.com.br\/index.php?rest_route=\/wp\/v2\/users\/1"}],"replies":[{"embeddable":true,"href":"https:\/\/agoracariri.bops.com.br\/index.php?rest_route=%2Fwp%2Fv2%2Fcomments&post=1679"}],"version-history":[{"count":1,"href":"https:\/\/agoracariri.bops.com.br\/index.php?rest_route=\/wp\/v2\/posts\/1679\/revisions"}],"predecessor-version":[{"id":1689,"href":"https:\/\/agoracariri.bops.com.br\/index.php?rest_route=\/wp\/v2\/posts\/1679\/revisions\/1689"}],"wp:featuredmedia":[{"embeddable":true,"href":"https:\/\/agoracariri.bops.com.br\/index.php?rest_route=\/wp\/v2\/media\/1680"}],"wp:attachment":[{"href":"https:\/\/agoracariri.bops.com.br\/index.php?rest_route=%2Fwp%2Fv2%2Fmedia&parent=1679"}],"wp:term":[{"taxonomy":"category","embeddable":true,"href":"https:\/\/agoracariri.bops.com.br\/index.php?rest_route=%2Fwp%2Fv2%2Fcategories&post=1679"},{"taxonomy":"post_tag","embeddable":true,"href":"https:\/\/agoracariri.bops.com.br\/index.php?rest_route=%2Fwp%2Fv2%2Ftags&post=1679"}],"curies":[{"name":"wp","href":"https:\/\/api.w.org\/{rel}","templated":true}]}}