{"id":1674,"date":"2026-04-27T16:00:52","date_gmt":"2026-04-27T19:00:52","guid":{"rendered":"http:\/\/agoracariri.bops.com.br\/?p=1674"},"modified":"2026-04-27T16:00:52","modified_gmt":"2026-04-27T19:00:52","slug":"trabalhador-morre-em-fabrica-na-grande-joao-pessoa","status":"publish","type":"post","link":"https:\/\/agoracariri.bops.com.br\/?p=1674","title":{"rendered":"Trabalhador morre em f\u00e1brica na Grande Jo\u00e3o Pessoa"},"content":{"rendered":"<p>Um trabalhador morreu ap\u00f3s acidente em uma f\u00e1brica de alimentos, na manh\u00e3 desta segunda-feira (27), na BR-230, em Cabedelo, na Grande Jo\u00e3o Pessoa. Segundo o Corpo de Bombeiros, o homem, que n\u00e3o teve a identifica\u00e7\u00e3o divulgada, caiu dentro de um silo e morreu sufocado com os gr\u00e3os. A Pol\u00edcia Civil investiga o caso.<\/p>\n","protected":false},"excerpt":{"rendered":"<p>Um trabalhador morreu ap\u00f3s acidente em uma f\u00e1brica de alimentos, na manh\u00e3 desta segunda-feira (27), na BR-230, em Cabedelo, na Grande Jo\u00e3o Pessoa. Segundo o Corpo de Bombeiros, o homem, que n\u00e3o teve a identifica\u00e7\u00e3o divulgada, caiu dentro de um silo e morreu sufocado com os gr\u00e3os. A Pol\u00edcia Civil investiga o caso.<\/p>\n","protected":false},"author":1,"featured_media":0,"comment_status":"open","ping_status":"open","sticky":false,"template":"","format":"standard","meta":{"footnotes":""},"categories":[1],"tags":[],"class_list":["post-1674","post","type-post","status-publish","format-standard","hentry","category-brasil"],"_links":{"self":[{"href":"https:\/\/agoracariri.bops.com.br\/index.php?rest_route=\/wp\/v2\/posts\/1674","targetHints":{"allow":["GET"]}}],"collection":[{"href":"https:\/\/agoracariri.bops.com.br\/index.php?rest_route=\/wp\/v2\/posts"}],"about":[{"href":"https:\/\/agoracariri.bops.com.br\/index.php?rest_route=\/wp\/v2\/types\/post"}],"author":[{"embeddable":true,"href":"https:\/\/agoracariri.bops.com.br\/index.php?rest_route=\/wp\/v2\/users\/1"}],"replies":[{"embeddable":true,"href":"https:\/\/agoracariri.bops.com.br\/index.php?rest_route=%2Fwp%2Fv2%2Fcomments&post=1674"}],"version-history":[{"count":1,"href":"https:\/\/agoracariri.bops.com.br\/index.php?rest_route=\/wp\/v2\/posts\/1674\/revisions"}],"predecessor-version":[{"id":1685,"href":"https:\/\/agoracariri.bops.com.br\/index.php?rest_route=\/wp\/v2\/posts\/1674\/revisions\/1685"}],"wp:attachment":[{"href":"https:\/\/agoracariri.bops.com.br\/index.php?rest_route=%2Fwp%2Fv2%2Fmedia&parent=1674"}],"wp:term":[{"taxonomy":"category","embeddable":true,"href":"https:\/\/agoracariri.bops.com.br\/index.php?rest_route=%2Fwp%2Fv2%2Fcategories&post=1674"},{"taxonomy":"post_tag","embeddable":true,"href":"https:\/\/agoracariri.bops.com.br\/index.php?rest_route=%2Fwp%2Fv2%2Ftags&post=1674"}],"curies":[{"name":"wp","href":"https:\/\/api.w.org\/{rel}","templated":true}]}}