{"id":1669,"date":"2026-04-27T15:23:34","date_gmt":"2026-04-27T18:23:34","guid":{"rendered":"http:\/\/agoracariri.bops.com.br\/?p=1669"},"modified":"2026-04-27T15:23:34","modified_gmt":"2026-04-27T18:23:34","slug":"diogo-cunha-lima-e-confirmado-como-pre-candidato-a-vice-governador-da-pb-na-chapa-de-cicero-lucena","status":"publish","type":"post","link":"https:\/\/agoracariri.bops.com.br\/?p=1669","title":{"rendered":"Diogo Cunha Lima \u00e9 confirmado como pr\u00e9-candidato a vice-governador da PB na chapa de C\u00edcero Lucena"},"content":{"rendered":"<p>Diogo Cunha Lima \u00e9 confirmado como pr\u00e9-candidato a vice governador da PB na chapa de C\u00edcero Lucena Gabriel Abdon\/Rede Para\u00edba de Comunica\u00e7\u00e3o O empres\u00e1rio Diogo Cunha Lima (PSD) foi anunciado como pr\u00e9-candidato a vice-governador da Para\u00edba na chapa de C\u00edcero Lucena (MDB). O an\u00fancio aconteceu na manh\u00e3 desta segunda-feira (27) em um evento partid\u00e1rio em Campina Grande, Agreste da Para\u00edba.<\/p>\n<p>Neste momento, estou preparado, podendo contribuir mais. Tive viv\u00eancias no campo privado e quero trazer isso para o setor p\u00fablico. Estou pronto e querendo trabalhar\u201d, disse o pr\u00e9-candidato. A escolha foi celebrada por C\u00edcero Lucena. Ainda no evento, o ex-prefeito de Jo\u00e3o Pessoa e pr\u00e9-candidato ao governo da Para\u00edba pelo MDB afirmou que Diogo ser\u00e1 um &quot;segundo governador&quot;.<\/p>\n","protected":false},"excerpt":{"rendered":"<p>Diogo Cunha Lima \u00e9 confirmado como pr\u00e9-candidato a vice governador da PB na chapa de C\u00edcero Lucena Gabriel Abdon\/Rede Para\u00edba de Comunica\u00e7\u00e3o O empres\u00e1rio Diogo Cunha Lima (PSD) foi anunciado como pr\u00e9-candidato a vice-governador da Para\u00edba na chapa de C\u00edcero Lucena (MDB). O an\u00fancio aconteceu na manh\u00e3 desta segunda-feira (27) em um evento partid\u00e1rio em [&hellip;]<\/p>\n","protected":false},"author":1,"featured_media":1670,"comment_status":"open","ping_status":"open","sticky":false,"template":"","format":"standard","meta":{"footnotes":""},"categories":[1],"tags":[],"class_list":["post-1669","post","type-post","status-publish","format-standard","has-post-thumbnail","hentry","category-brasil"],"_links":{"self":[{"href":"https:\/\/agoracariri.bops.com.br\/index.php?rest_route=\/wp\/v2\/posts\/1669","targetHints":{"allow":["GET"]}}],"collection":[{"href":"https:\/\/agoracariri.bops.com.br\/index.php?rest_route=\/wp\/v2\/posts"}],"about":[{"href":"https:\/\/agoracariri.bops.com.br\/index.php?rest_route=\/wp\/v2\/types\/post"}],"author":[{"embeddable":true,"href":"https:\/\/agoracariri.bops.com.br\/index.php?rest_route=\/wp\/v2\/users\/1"}],"replies":[{"embeddable":true,"href":"https:\/\/agoracariri.bops.com.br\/index.php?rest_route=%2Fwp%2Fv2%2Fcomments&post=1669"}],"version-history":[{"count":1,"href":"https:\/\/agoracariri.bops.com.br\/index.php?rest_route=\/wp\/v2\/posts\/1669\/revisions"}],"predecessor-version":[{"id":1678,"href":"https:\/\/agoracariri.bops.com.br\/index.php?rest_route=\/wp\/v2\/posts\/1669\/revisions\/1678"}],"wp:featuredmedia":[{"embeddable":true,"href":"https:\/\/agoracariri.bops.com.br\/index.php?rest_route=\/wp\/v2\/media\/1670"}],"wp:attachment":[{"href":"https:\/\/agoracariri.bops.com.br\/index.php?rest_route=%2Fwp%2Fv2%2Fmedia&parent=1669"}],"wp:term":[{"taxonomy":"category","embeddable":true,"href":"https:\/\/agoracariri.bops.com.br\/index.php?rest_route=%2Fwp%2Fv2%2Fcategories&post=1669"},{"taxonomy":"post_tag","embeddable":true,"href":"https:\/\/agoracariri.bops.com.br\/index.php?rest_route=%2Fwp%2Fv2%2Ftags&post=1669"}],"curies":[{"name":"wp","href":"https:\/\/api.w.org\/{rel}","templated":true}]}}