{"id":1657,"date":"2026-04-27T13:02:43","date_gmt":"2026-04-27T16:02:43","guid":{"rendered":"http:\/\/agoracariri.bops.com.br\/?p=1657"},"modified":"2026-04-27T13:02:43","modified_gmt":"2026-04-27T16:02:43","slug":"boa-vista-entra-na-2a-semana-de-comemoracao-ao-aniversario-de-32-anos-com-entregas-de-obras-e-programacao-especial","status":"publish","type":"post","link":"https:\/\/agoracariri.bops.com.br\/?p=1657","title":{"rendered":"Boa Vista entra na 2\u00aa semana de comemora\u00e7\u00e3o ao anivers\u00e1rio de 32 anos com entregas de obras e programa\u00e7\u00e3o especial"},"content":{"rendered":"<p>Ap\u00f3s a primeira semana de programa\u00e7\u00e3o de anivers\u00e1rio e dos shows musicais de s\u00e1bado (25), a Prefeitura de Boa Vista d\u00e1 prosseguimento as comemora\u00e7\u00f5es alusivas aos 32 anos de emancipa\u00e7\u00e3o pol\u00edtica com uma verdadeira maratona de a\u00e7\u00f5es, eventos institucionais, celebra\u00e7\u00f5es religiosas, entregas e inaugura\u00e7\u00f5es importantes para a popula\u00e7\u00e3o.<\/p>\n<p>Ontem \u00e0 noite aconteceu a missa em A\u00e7\u00e3o de Gra\u00e7as na Igreja Matriz e nesta segunda-feira (27), tamb\u00e9m \u00e0s 19h, a Pra\u00e7a Bom Jesus recebe culto em A\u00e7\u00e3o de Gra\u00e7as com prega\u00e7\u00e3o do pastor Rodrigo Ribeiro e louvor de Aluska Santos e da Banda Remanescentes, reunindo a popula\u00e7\u00e3o em mais um momento especial dentro da programa\u00e7\u00e3o.<\/p>\n<p>Na ter\u00e7a-feira (28), a programa\u00e7\u00e3o entra em ritmo intenso com a\u00e7\u00f5es nas \u00e1reas de infraestrutura e educa\u00e7\u00e3o. \u00c0s 9h, ser\u00e1 assinada a ordem de servi\u00e7o para amplia\u00e7\u00e3o do cemit\u00e9rio p\u00fablico. \u00c0 noite, a partir das 19h, a Pra\u00e7a Bom Jesus sediar\u00e1 entrega de fardamento escolar, exposi\u00e7\u00e3o de trabalhos estudantis e apresenta\u00e7\u00e3o da Banda Marcial da Escola Francisca Leite Vitorino, do Coral Luzes e do Projeto Cultural Serenata.<\/p>\n<p>Na quarta-feira (29), data oficial do anivers\u00e1rio da cidade, a agenda come\u00e7a cedo. \u00c0s 8h, haver\u00e1 hasteamento da bandeira e entrega de novos ve\u00edculos para refor\u00e7ar os servi\u00e7os p\u00fablicos municipais. J\u00e1 \u00e0s 16h, acontece a inaugura\u00e7\u00e3o da Policl\u00ednica Doutor Ant\u00f4nio Pereira de Almeida, uma das obras mais aguardadas pela popula\u00e7\u00e3o. Encerrando o dia festivo, a programa\u00e7\u00e3o noturna contar\u00e1 com Feira de Empreendedores e show da Banda Dami\u00e3o Moreno.<\/p>\n<p>A quinta-feira (30) ser\u00e1 realizado um passeio ao Lajedo do Bravo, oportunidade para moradores e visitantes conhecerem um dos cen\u00e1rios naturais mais bonitos do munic\u00edpio.<\/p>\n<p>Encerrando a programa\u00e7\u00e3o, no dia 1\u00ba de maio, ser\u00e1 de uma importante entrega com a inaugura\u00e7\u00e3o da Passagem Molhada Joaquim Ant\u00f4nio de Ara\u00fajo, \u201cSeu Joaquinz\u00e3o\u201d, na comunidade Po\u00e7o de Pedra, \u00e0s 9h. A obra representa mais mobilidade, seguran\u00e7a e melhores condi\u00e7\u00f5es de acesso para os moradores da regi\u00e3o.<\/p>\n<p>O post Boa Vista entra na 2\u00aa semana de comemora\u00e7\u00e3o ao anivers\u00e1rio de 32 anos com entregas de obras e programa\u00e7\u00e3o especial apareceu primeiro em De Olho no Cariri.<\/p>\n","protected":false},"excerpt":{"rendered":"<p>Ap\u00f3s a primeira semana de programa\u00e7\u00e3o de anivers\u00e1rio e dos shows musicais de s\u00e1bado (25), a Prefeitura de Boa Vista d\u00e1 prosseguimento as comemora\u00e7\u00f5es alusivas aos 32 anos de emancipa\u00e7\u00e3o pol\u00edtica com uma verdadeira maratona de a\u00e7\u00f5es, eventos institucionais, celebra\u00e7\u00f5es religiosas, entregas e inaugura\u00e7\u00f5es importantes para a popula\u00e7\u00e3o. Ontem \u00e0 noite aconteceu a missa em [&hellip;]<\/p>\n","protected":false},"author":1,"featured_media":0,"comment_status":"open","ping_status":"open","sticky":false,"template":"","format":"standard","meta":{"footnotes":""},"categories":[1],"tags":[],"class_list":["post-1657","post","type-post","status-publish","format-standard","hentry","category-brasil"],"_links":{"self":[{"href":"https:\/\/agoracariri.bops.com.br\/index.php?rest_route=\/wp\/v2\/posts\/1657","targetHints":{"allow":["GET"]}}],"collection":[{"href":"https:\/\/agoracariri.bops.com.br\/index.php?rest_route=\/wp\/v2\/posts"}],"about":[{"href":"https:\/\/agoracariri.bops.com.br\/index.php?rest_route=\/wp\/v2\/types\/post"}],"author":[{"embeddable":true,"href":"https:\/\/agoracariri.bops.com.br\/index.php?rest_route=\/wp\/v2\/users\/1"}],"replies":[{"embeddable":true,"href":"https:\/\/agoracariri.bops.com.br\/index.php?rest_route=%2Fwp%2Fv2%2Fcomments&post=1657"}],"version-history":[{"count":1,"href":"https:\/\/agoracariri.bops.com.br\/index.php?rest_route=\/wp\/v2\/posts\/1657\/revisions"}],"predecessor-version":[{"id":1672,"href":"https:\/\/agoracariri.bops.com.br\/index.php?rest_route=\/wp\/v2\/posts\/1657\/revisions\/1672"}],"wp:attachment":[{"href":"https:\/\/agoracariri.bops.com.br\/index.php?rest_route=%2Fwp%2Fv2%2Fmedia&parent=1657"}],"wp:term":[{"taxonomy":"category","embeddable":true,"href":"https:\/\/agoracariri.bops.com.br\/index.php?rest_route=%2Fwp%2Fv2%2Fcategories&post=1657"},{"taxonomy":"post_tag","embeddable":true,"href":"https:\/\/agoracariri.bops.com.br\/index.php?rest_route=%2Fwp%2Fv2%2Ftags&post=1657"}],"curies":[{"name":"wp","href":"https:\/\/api.w.org\/{rel}","templated":true}]}}