{"id":1655,"date":"2026-04-27T13:01:39","date_gmt":"2026-04-27T16:01:39","guid":{"rendered":"http:\/\/agoracariri.bops.com.br\/?p=1655"},"modified":"2026-04-27T13:01:39","modified_gmt":"2026-04-27T16:01:39","slug":"principio-de-rebeliao-e-registrado-no-presidio-de-catole-do-rocha-no-sertao-da-pb","status":"publish","type":"post","link":"https:\/\/agoracariri.bops.com.br\/?p=1655","title":{"rendered":"Princ\u00edpio de rebeli\u00e3o \u00e9 registrado no pres\u00eddio de Catol\u00e9 do Rocha, no Sert\u00e3o da PB"},"content":{"rendered":"<p>Pres\u00eddio Manoel Gomes da Silva, em Catol\u00e9 do Rocha, no Sert\u00e3o da Para\u00edba Beto Silva\/Arq Um princ\u00edpio de rebeli\u00e3o foi registrado na manh\u00e3 desta segunda-feira (27) no Pres\u00eddio Padr\u00e3o Manoel Gomes da Silva, em Catol\u00e9 do Rocha, Sert\u00e3o da Para\u00edba. Segundo a Pol\u00edcia Militar, a situa\u00e7\u00e3o foi controlada. N\u00e3o h\u00e1 informa\u00e7\u00f5es sobre feridos.<\/p>\n","protected":false},"excerpt":{"rendered":"<p>Pres\u00eddio Manoel Gomes da Silva, em Catol\u00e9 do Rocha, no Sert\u00e3o da Para\u00edba Beto Silva\/Arq Um princ\u00edpio de rebeli\u00e3o foi registrado na manh\u00e3 desta segunda-feira (27) no Pres\u00eddio Padr\u00e3o Manoel Gomes da Silva, em Catol\u00e9 do Rocha, Sert\u00e3o da Para\u00edba. Segundo a Pol\u00edcia Militar, a situa\u00e7\u00e3o foi controlada. N\u00e3o h\u00e1 informa\u00e7\u00f5es sobre feridos.<\/p>\n","protected":false},"author":1,"featured_media":1656,"comment_status":"open","ping_status":"open","sticky":false,"template":"","format":"standard","meta":{"footnotes":""},"categories":[1],"tags":[],"class_list":["post-1655","post","type-post","status-publish","format-standard","has-post-thumbnail","hentry","category-brasil"],"_links":{"self":[{"href":"https:\/\/agoracariri.bops.com.br\/index.php?rest_route=\/wp\/v2\/posts\/1655","targetHints":{"allow":["GET"]}}],"collection":[{"href":"https:\/\/agoracariri.bops.com.br\/index.php?rest_route=\/wp\/v2\/posts"}],"about":[{"href":"https:\/\/agoracariri.bops.com.br\/index.php?rest_route=\/wp\/v2\/types\/post"}],"author":[{"embeddable":true,"href":"https:\/\/agoracariri.bops.com.br\/index.php?rest_route=\/wp\/v2\/users\/1"}],"replies":[{"embeddable":true,"href":"https:\/\/agoracariri.bops.com.br\/index.php?rest_route=%2Fwp%2Fv2%2Fcomments&post=1655"}],"version-history":[{"count":1,"href":"https:\/\/agoracariri.bops.com.br\/index.php?rest_route=\/wp\/v2\/posts\/1655\/revisions"}],"predecessor-version":[{"id":1671,"href":"https:\/\/agoracariri.bops.com.br\/index.php?rest_route=\/wp\/v2\/posts\/1655\/revisions\/1671"}],"wp:featuredmedia":[{"embeddable":true,"href":"https:\/\/agoracariri.bops.com.br\/index.php?rest_route=\/wp\/v2\/media\/1656"}],"wp:attachment":[{"href":"https:\/\/agoracariri.bops.com.br\/index.php?rest_route=%2Fwp%2Fv2%2Fmedia&parent=1655"}],"wp:term":[{"taxonomy":"category","embeddable":true,"href":"https:\/\/agoracariri.bops.com.br\/index.php?rest_route=%2Fwp%2Fv2%2Fcategories&post=1655"},{"taxonomy":"post_tag","embeddable":true,"href":"https:\/\/agoracariri.bops.com.br\/index.php?rest_route=%2Fwp%2Fv2%2Ftags&post=1655"}],"curies":[{"name":"wp","href":"https:\/\/api.w.org\/{rel}","templated":true}]}}