{"id":1653,"date":"2026-04-27T13:23:13","date_gmt":"2026-04-27T16:23:13","guid":{"rendered":"http:\/\/agoracariri.bops.com.br\/?p=1653"},"modified":"2026-04-27T13:23:13","modified_gmt":"2026-04-27T16:23:13","slug":"bananeiras-abre-inscricoes-para-casamento-coletivo-no-sao-joao-2026","status":"publish","type":"post","link":"https:\/\/agoracariri.bops.com.br\/?p=1653","title":{"rendered":"Bananeiras abre inscri\u00e7\u00f5es para casamento coletivo no S\u00e3o Jo\u00e3o 2026"},"content":{"rendered":"<p>A cerim\u00f4nia \u00e9 gratuita, e a data exata ainda ser\u00e1 divulgada. Documentos necess\u00e1rios Noivos: Solteiro(a): Certid\u00e3o de Nascimento original e atualizada (at\u00e9 120 dias). Divorciado(a): Certid\u00e3o de casamento com averba\u00e7\u00e3o de div\u00f3rcio original e atualizada (at\u00e9 120 dias), al\u00e9m de c\u00f3pia da senten\u00e7a que decretou o div\u00f3rcio.<\/p>\n<p>Vi\u00favo(a): Certid\u00e3o de casamento com anota\u00e7\u00e3o do \u00f3bito, acompanhada de invent\u00e1rio negativo. Identidade (RG) ou CNH original. CPF original. Comprovante de resid\u00eancia atualizado (at\u00e9 120 dias). Testemunhas: Duas pessoas maiores de 18 anos e alfabetizadas. Identidade (RG) ou CNH original. CPF original. S\u00e3o Jo\u00e3o 2026 de Bananeiras O S\u00e3o Jo\u00e3o 2026 de Bananeiras vai acontecer entre os dias 20 e 23 de junho.<\/p>\n<p>Entre as atra\u00e7\u00f5es confirmadas est\u00e3o Fl\u00e1vio Jos\u00e9, Xand Avi\u00e3o, Leonardo e Luan Santana. Veja a programa\u00e7\u00e3o completa. O evento \u00e9 realizado numa \u00e1rea \u00e0s margens da PB-103, no sentido Bananeiras &#8211; Dona In\u00eas. Segundo a prefeitura da cidade, a \u00e1rea tem 41 mil metros quadrados e espa\u00e7o para shows, camarotes, alimenta\u00e7\u00e3o e estacionamento.<\/p>\n","protected":false},"excerpt":{"rendered":"<p>A cerim\u00f4nia \u00e9 gratuita, e a data exata ainda ser\u00e1 divulgada. Documentos necess\u00e1rios Noivos: Solteiro(a): Certid\u00e3o de Nascimento original e atualizada (at\u00e9 120 dias). Divorciado(a): Certid\u00e3o de casamento com averba\u00e7\u00e3o de div\u00f3rcio original e atualizada (at\u00e9 120 dias), al\u00e9m de c\u00f3pia da senten\u00e7a que decretou o div\u00f3rcio. Vi\u00favo(a): Certid\u00e3o de casamento com anota\u00e7\u00e3o do \u00f3bito, [&hellip;]<\/p>\n","protected":false},"author":1,"featured_media":1654,"comment_status":"open","ping_status":"open","sticky":false,"template":"","format":"standard","meta":{"footnotes":""},"categories":[1],"tags":[],"class_list":["post-1653","post","type-post","status-publish","format-standard","has-post-thumbnail","hentry","category-brasil"],"_links":{"self":[{"href":"https:\/\/agoracariri.bops.com.br\/index.php?rest_route=\/wp\/v2\/posts\/1653","targetHints":{"allow":["GET"]}}],"collection":[{"href":"https:\/\/agoracariri.bops.com.br\/index.php?rest_route=\/wp\/v2\/posts"}],"about":[{"href":"https:\/\/agoracariri.bops.com.br\/index.php?rest_route=\/wp\/v2\/types\/post"}],"author":[{"embeddable":true,"href":"https:\/\/agoracariri.bops.com.br\/index.php?rest_route=\/wp\/v2\/users\/1"}],"replies":[{"embeddable":true,"href":"https:\/\/agoracariri.bops.com.br\/index.php?rest_route=%2Fwp%2Fv2%2Fcomments&post=1653"}],"version-history":[{"count":1,"href":"https:\/\/agoracariri.bops.com.br\/index.php?rest_route=\/wp\/v2\/posts\/1653\/revisions"}],"predecessor-version":[{"id":1673,"href":"https:\/\/agoracariri.bops.com.br\/index.php?rest_route=\/wp\/v2\/posts\/1653\/revisions\/1673"}],"wp:featuredmedia":[{"embeddable":true,"href":"https:\/\/agoracariri.bops.com.br\/index.php?rest_route=\/wp\/v2\/media\/1654"}],"wp:attachment":[{"href":"https:\/\/agoracariri.bops.com.br\/index.php?rest_route=%2Fwp%2Fv2%2Fmedia&parent=1653"}],"wp:term":[{"taxonomy":"category","embeddable":true,"href":"https:\/\/agoracariri.bops.com.br\/index.php?rest_route=%2Fwp%2Fv2%2Fcategories&post=1653"},{"taxonomy":"post_tag","embeddable":true,"href":"https:\/\/agoracariri.bops.com.br\/index.php?rest_route=%2Fwp%2Fv2%2Ftags&post=1653"}],"curies":[{"name":"wp","href":"https:\/\/api.w.org\/{rel}","templated":true}]}}