{"id":1646,"date":"2026-04-27T11:41:05","date_gmt":"2026-04-27T14:41:05","guid":{"rendered":"http:\/\/agoracariri.bops.com.br\/?p=1646"},"modified":"2026-04-27T11:41:05","modified_gmt":"2026-04-27T14:41:05","slug":"disputa-politica-nao-impede-dialogo-diz-lucas-ribeiro-ao-defender-apoio-do-estado-ao-sao-joao-de-campina-grande","status":"publish","type":"post","link":"https:\/\/agoracariri.bops.com.br\/?p=1646","title":{"rendered":"\u201cDisputa pol\u00edtica n\u00e3o impede di\u00e1logo\u201d, diz Lucas Ribeiro ao defender apoio do Estado ao S\u00e3o Jo\u00e3o de Campina Grande"},"content":{"rendered":"<p>O governador da Para\u00edba, Lucas Ribeiro (PP), afirmou que as diferen\u00e7as pol\u00edticas n\u00e3o devem interferir na rela\u00e7\u00e3o institucional com os munic\u00edpios e defendeu a amplia\u00e7\u00e3o do apoio do Estado ao Maior S\u00e3o Jo\u00e3o do Mundo, realizado em Campina Grande. Segundo Lucas, o governo mant\u00e9m di\u00e1logo aberto com as prefeituras, independentemente de alinhamentos partid\u00e1rios.<\/p>\n<p>\u201cComo sempre tenho dito, estamos abertos. Disputa pol\u00edtica e ano eleitoral n\u00e3o ser\u00e3o empecilhos para tratarmos de quest\u00f5es administrativas\u201d, destacou.A declara\u00e7\u00e3o foi dada durante agenda oficial ap\u00f3s o lan\u00e7amento do ciclo 2026 do Or\u00e7amento Democr\u00e1tico Estadual, em Jo\u00e3o Pessoa na \u00faltima semana<\/p>\n<p>O governador tamb\u00e9m revelou que o Estado pretende refor\u00e7ar sua participa\u00e7\u00e3o no evento junino de Campina Grande, com a proposta de patroc\u00ednio direto. De acordo com ele, um of\u00edcio j\u00e1 foi encaminhado \u00e0 Prefeitura e \u00e0 empresa respons\u00e1vel pela organiza\u00e7\u00e3o da festa.<\/p>\n<p>\u201cQueremos ampliar nossa participa\u00e7\u00e3o. Al\u00e9m das a\u00e7\u00f5es que j\u00e1 realizamos, como apoio \u00e0s quadrilhas, ao artesanato e \u00e0 estrutura de sa\u00fade, estamos nos colocando \u00e0 disposi\u00e7\u00e3o para um patroc\u00ednio direto ao evento\u201d, explicou.<\/p>\n<p>A iniciativa ocorre em meio a um cen\u00e1rio de reaproxima\u00e7\u00e3o institucional com a gest\u00e3o municipal, comandada pelo prefeito Bruno Cunha Lima (Uni\u00e3o Brasil), que tamb\u00e9m tem defendido o di\u00e1logo acima de diverg\u00eancias pol\u00edticas.<\/p>\n<p>Considerado um dos maiores eventos culturais do pa\u00eds, o S\u00e3o Jo\u00e3o de Campina Grande segue como pe\u00e7a estrat\u00e9gica para a economia e o turismo da Para\u00edba, mobilizando investimentos e articula\u00e7\u00f5es entre diferentes esferas de poder.<\/p>\n<p>Com PB Agora<\/p>\n<p>O post \u201cDisputa pol\u00edtica n\u00e3o impede di\u00e1logo\u201d, diz Lucas Ribeiro ao defender apoio do Estado ao S\u00e3o Jo\u00e3o de Campina Grande apareceu primeiro em De Olho no Cariri.<\/p>\n","protected":false},"excerpt":{"rendered":"<p>O governador da Para\u00edba, Lucas Ribeiro (PP), afirmou que as diferen\u00e7as pol\u00edticas n\u00e3o devem interferir na rela\u00e7\u00e3o institucional com os munic\u00edpios e defendeu a amplia\u00e7\u00e3o do apoio do Estado ao Maior S\u00e3o Jo\u00e3o do Mundo, realizado em Campina Grande. Segundo Lucas, o governo mant\u00e9m di\u00e1logo aberto com as prefeituras, independentemente de alinhamentos partid\u00e1rios. \u201cComo sempre [&hellip;]<\/p>\n","protected":false},"author":1,"featured_media":0,"comment_status":"open","ping_status":"open","sticky":false,"template":"","format":"standard","meta":{"footnotes":""},"categories":[1],"tags":[],"class_list":["post-1646","post","type-post","status-publish","format-standard","hentry","category-brasil"],"_links":{"self":[{"href":"https:\/\/agoracariri.bops.com.br\/index.php?rest_route=\/wp\/v2\/posts\/1646","targetHints":{"allow":["GET"]}}],"collection":[{"href":"https:\/\/agoracariri.bops.com.br\/index.php?rest_route=\/wp\/v2\/posts"}],"about":[{"href":"https:\/\/agoracariri.bops.com.br\/index.php?rest_route=\/wp\/v2\/types\/post"}],"author":[{"embeddable":true,"href":"https:\/\/agoracariri.bops.com.br\/index.php?rest_route=\/wp\/v2\/users\/1"}],"replies":[{"embeddable":true,"href":"https:\/\/agoracariri.bops.com.br\/index.php?rest_route=%2Fwp%2Fv2%2Fcomments&post=1646"}],"version-history":[{"count":1,"href":"https:\/\/agoracariri.bops.com.br\/index.php?rest_route=\/wp\/v2\/posts\/1646\/revisions"}],"predecessor-version":[{"id":1664,"href":"https:\/\/agoracariri.bops.com.br\/index.php?rest_route=\/wp\/v2\/posts\/1646\/revisions\/1664"}],"wp:attachment":[{"href":"https:\/\/agoracariri.bops.com.br\/index.php?rest_route=%2Fwp%2Fv2%2Fmedia&parent=1646"}],"wp:term":[{"taxonomy":"category","embeddable":true,"href":"https:\/\/agoracariri.bops.com.br\/index.php?rest_route=%2Fwp%2Fv2%2Fcategories&post=1646"},{"taxonomy":"post_tag","embeddable":true,"href":"https:\/\/agoracariri.bops.com.br\/index.php?rest_route=%2Fwp%2Fv2%2Ftags&post=1646"}],"curies":[{"name":"wp","href":"https:\/\/api.w.org\/{rel}","templated":true}]}}