{"id":1645,"date":"2026-04-27T11:44:02","date_gmt":"2026-04-27T14:44:02","guid":{"rendered":"http:\/\/agoracariri.bops.com.br\/?p=1645"},"modified":"2026-04-27T11:44:02","modified_gmt":"2026-04-27T14:44:02","slug":"paraiba-pet-amplia-acoes-e-promove-mais-de-400-castracoes-em-seis-municipios-paraibanos-em-quatro-dias","status":"publish","type":"post","link":"https:\/\/agoracariri.bops.com.br\/?p=1645","title":{"rendered":"Para\u00edba Pet amplia a\u00e7\u00f5es e promove mais de 400 castra\u00e7\u00f5es em seis munic\u00edpios paraibanos em quatro dias"},"content":{"rendered":"<p>O Governo da Para\u00edba, por meio da Secretaria Executiva da Prote\u00e7\u00e3o Animal (Sepa), vinculada \u00e0 Secretaria de Estado da Sa\u00fade (SES), realiza, a partir desta segunda (27) at\u00e9 quinta-feira (30), mais uma etapa ampliada do Programa Para\u00edba Pet, com a\u00e7\u00f5es simult\u00e2neas em seis munic\u00edpios paraibanos, contemplando as regi\u00f5es do Agreste, Borborema e Litoral. Ao todo, est\u00e3o previstas 430 castra\u00e7\u00f5es de c\u00e3es e gatos durante o Castra+ Para\u00edba.<\/p>\n<p>A iniciativa refor\u00e7a a pol\u00edtica estadual de controle populacional de animais e preven\u00e7\u00e3o de doen\u00e7as, promovendo sa\u00fade p\u00fablica, bem-estar animal e qualidade de vida para os animais e para a popula\u00e7\u00e3o humana. De acordo com o secret\u00e1rio executivo da Prote\u00e7\u00e3o Animal, \u00cdtalo Oliveira, a expans\u00e3o das a\u00e7\u00f5es demonstra o compromisso do Governo do Estado com a causa animal em todas as regi\u00f5es da Para\u00edba.<\/p>\n<p>\u201cA castra\u00e7\u00e3o \u00e9 uma das principais pol\u00edticas p\u00fablicas de prote\u00e7\u00e3o animal. Al\u00e9m de evitar a reprodu\u00e7\u00e3o descontrolada, contribui para a sa\u00fade dos animais e reduz significativamente os casos de abandono. Seguiremos ampliando essas a\u00e7\u00f5es por todo o estado\u201d, destacou.<\/p>\n<p>No Agreste e na Borborema, quatro munic\u00edpios recebem o Castram\u00f3vel do Governo do Estado. De segunda (27) a quinta-feira (30), ser\u00e3o percorridos Gado Bravo, Alcantil, Santa Cec\u00edlia e Umbuzeiro, com a oferta de 280 vagas para castra\u00e7\u00e3o, sendo 70 atendimentos por cidade (20 para c\u00e3es e 50 para gatos).<\/p>\n<p>Os atendimentos ter\u00e3o in\u00edcio sempre a partir das 8h, com coleta de hemograma realizada no mesmo dia da cirurgia, antes do procedimento. \u00c9 obrigat\u00f3rio que os animais estejam em jejum, com idade entre 8 meses e 6 anos. O cadastro deve ser feito previamente de forma presencial nas Secretarias Municipais de Sa\u00fade de cada munic\u00edpio.<\/p>\n<p>J\u00e1 em Campina Grande, a a\u00e7\u00e3o ocorre no bairro da Liberdade, na ECI Murilo Braga, com a oferta de 60 vagas. A programa\u00e7\u00e3o tem in\u00edcio nesta segunda-feira (27), com a coleta de hemograma (das 8h \u00e0s 12h), e segue com as castra\u00e7\u00f5es entre de ter\u00e7a a quinta-feira, sempre a partir das 8h. O cadastro deve ser realizado previamente pelo link oficial: https:\/\/sepa.pb.gov.br\/eventos\/ev2_42cf72b2-0edc-4408-a740-56fd729e68b4<\/p>\n<p>Em Jo\u00e3o Pessoa, a a\u00e7\u00e3o ser\u00e1 realizada no bairro de Oitizeiro, na ECIT C\u00f4nego Nicodemos Neves, com a oferta de 90 vagas. A coleta de hemograma ocorre nesta segunda-feira (das 8h \u00e0s 12h), e as cirurgias ser\u00e3o realizadas de ter\u00e7a a quinta-feira, a partir das 8h.<\/p>\n<p>A Sepa refor\u00e7a a import\u00e2ncia da castra\u00e7\u00e3o como uma das principais estrat\u00e9gias de cuidado e prote\u00e7\u00e3o animal, contribuindo para a redu\u00e7\u00e3o de animais em situa\u00e7\u00e3o de rua e preven\u00e7\u00e3o de doen\u00e7as. Mais informa\u00e7\u00f5es sobre o programa podem ser obtidas por meio do Instagram oficial da secretaria: @sepapb.<\/p>\n<p>Programa\u00e7\u00e3o do Castra+ Para\u00edba:<\/p>\n<p>\u2022 27 de abril \u2013 Segunda-feira Gado Bravo \u2013 Rua Jos\u00e9 Mariano Barbosa, s\/n \u2013 Centro (em frente \u00e0 Secretaria Municipal de Sa\u00fade) Campina Grande \u2013 ECI Murilo Braga, Rua Santa Filomena, s\/n \u2013 Liberdade (coleta de hemograma, das 8h \u00e0s 12h) Jo\u00e3o Pessoa \u2013 ECIT C\u00f4nego Nicodemos Neves, Pra\u00e7a Doutor Lauro Wanderley, s\/n \u2013 Funcion\u00e1rios I (coleta de hemograma, das 8h \u00e0s 12h)<\/p>\n<p>\u2022 28 de abril \u2013 Ter\u00e7a-feira Alcantil \u2013 Avenida S\u00e3o Jos\u00e9, s\/n \u2013 Centro (em frente ao Centro Administrativo Municipal) Campina Grande \u2013 ECI Murilo Braga (castra\u00e7\u00f5es a partir das 8h) Jo\u00e3o Pessoa \u2013 ECIT C\u00f4nego Nicodemos Neves (castra\u00e7\u00f5es a partir das 8h)<\/p>\n<p>\u2022 29 de abril \u2013 Quarta-feira Santa Cec\u00edlia \u2013 Rua Francisco Hil\u00e1rio de Lima, s\/n (P\u00e1tio Manoel Lopes) Campina Grande \u2013 ECI Murilo Braga (castra\u00e7\u00f5es a partir das 8h) Jo\u00e3o Pessoa \u2013 ECIT C\u00f4nego Nicodemos Neves (castra\u00e7\u00f5es a partir das 8h)<\/p>\n<p>\u2022 30 de abril \u2013 Quinta-feira Umbuzeiro \u2013 Pra\u00e7a Assis Chateaubriand, s\/n \u2013 Centro (ao lado do Banco do Brasil) Campina Grande \u2013 ECI Murilo Braga (castra\u00e7\u00f5es a partir das 8h) Jo\u00e3o Pessoa \u2013 ECIT C\u00f4nego Nicodemos Neves (castra\u00e7\u00f5es a partir das 8h)<\/p>\n<p>O post Para\u00edba Pet amplia a\u00e7\u00f5es e promove mais de 400 castra\u00e7\u00f5es em seis munic\u00edpios paraibanos em quatro dias apareceu primeiro em De Olho no Cariri.<\/p>\n","protected":false},"excerpt":{"rendered":"<p>O Governo da Para\u00edba, por meio da Secretaria Executiva da Prote\u00e7\u00e3o Animal (Sepa), vinculada \u00e0 Secretaria de Estado da Sa\u00fade (SES), realiza, a partir desta segunda (27) at\u00e9 quinta-feira (30), mais uma etapa ampliada do Programa Para\u00edba Pet, com a\u00e7\u00f5es simult\u00e2neas em seis munic\u00edpios paraibanos, contemplando as regi\u00f5es do Agreste, Borborema e Litoral. Ao todo, [&hellip;]<\/p>\n","protected":false},"author":1,"featured_media":0,"comment_status":"open","ping_status":"open","sticky":false,"template":"","format":"standard","meta":{"footnotes":""},"categories":[1],"tags":[],"class_list":["post-1645","post","type-post","status-publish","format-standard","hentry","category-brasil"],"_links":{"self":[{"href":"https:\/\/agoracariri.bops.com.br\/index.php?rest_route=\/wp\/v2\/posts\/1645","targetHints":{"allow":["GET"]}}],"collection":[{"href":"https:\/\/agoracariri.bops.com.br\/index.php?rest_route=\/wp\/v2\/posts"}],"about":[{"href":"https:\/\/agoracariri.bops.com.br\/index.php?rest_route=\/wp\/v2\/types\/post"}],"author":[{"embeddable":true,"href":"https:\/\/agoracariri.bops.com.br\/index.php?rest_route=\/wp\/v2\/users\/1"}],"replies":[{"embeddable":true,"href":"https:\/\/agoracariri.bops.com.br\/index.php?rest_route=%2Fwp%2Fv2%2Fcomments&post=1645"}],"version-history":[{"count":1,"href":"https:\/\/agoracariri.bops.com.br\/index.php?rest_route=\/wp\/v2\/posts\/1645\/revisions"}],"predecessor-version":[{"id":1665,"href":"https:\/\/agoracariri.bops.com.br\/index.php?rest_route=\/wp\/v2\/posts\/1645\/revisions\/1665"}],"wp:attachment":[{"href":"https:\/\/agoracariri.bops.com.br\/index.php?rest_route=%2Fwp%2Fv2%2Fmedia&parent=1645"}],"wp:term":[{"taxonomy":"category","embeddable":true,"href":"https:\/\/agoracariri.bops.com.br\/index.php?rest_route=%2Fwp%2Fv2%2Fcategories&post=1645"},{"taxonomy":"post_tag","embeddable":true,"href":"https:\/\/agoracariri.bops.com.br\/index.php?rest_route=%2Fwp%2Fv2%2Ftags&post=1645"}],"curies":[{"name":"wp","href":"https:\/\/api.w.org\/{rel}","templated":true}]}}