{"id":1641,"date":"2026-04-27T11:36:38","date_gmt":"2026-04-27T14:36:38","guid":{"rendered":"http:\/\/agoracariri.bops.com.br\/?p=1641"},"modified":"2026-04-27T11:36:38","modified_gmt":"2026-04-27T14:36:38","slug":"policia-militar-prende-suspeitos-em-sume-logo-apos-assaltos","status":"publish","type":"post","link":"https:\/\/agoracariri.bops.com.br\/?p=1641","title":{"rendered":"Pol\u00edcia Militar prende suspeitos em Sum\u00e9 logo ap\u00f3s assaltos"},"content":{"rendered":"<p>Neste domingo (26), policiais militares do 11\u00ba Batalh\u00e3o prenderam indiv\u00edduos suspeitos de praticarem assalto em Jata\u00faba-PE, e ao entrarem na Para\u00edba foram presos ap\u00f3s cometerem um assalto em Sum\u00e9.<\/p>\n<p>Logo ap\u00f3s as a\u00e7\u00f5es criminosas, as guarni\u00e7\u00f5es da Opera\u00e7\u00e3o Cidade Segura iniciaram dilig\u00eancias de imediato e conseguiram localizar e prender os indiv\u00edduos em curto intervalo de tempo.<\/p>\n<p>Durante a a\u00e7\u00e3o, foram recuperados 07 aparelhos celulares roubados e apreendido um simulacro de arma de fogo.<\/p>\n<p>Os suspeitos e os materiais foram conduzidos \u00e0 delegacia para a ado\u00e7\u00e3o das medidas cab\u00edveis.<\/p>\n<p>O post Pol\u00edcia Militar prende suspeitos em Sum\u00e9 logo ap\u00f3s assaltos apareceu primeiro em De Olho no Cariri.<\/p>\n","protected":false},"excerpt":{"rendered":"<p>Neste domingo (26), policiais militares do 11\u00ba Batalh\u00e3o prenderam indiv\u00edduos suspeitos de praticarem assalto em Jata\u00faba-PE, e ao entrarem na Para\u00edba foram presos ap\u00f3s cometerem um assalto em Sum\u00e9. Logo ap\u00f3s as a\u00e7\u00f5es criminosas, as guarni\u00e7\u00f5es da Opera\u00e7\u00e3o Cidade Segura iniciaram dilig\u00eancias de imediato e conseguiram localizar e prender os indiv\u00edduos em curto intervalo de [&hellip;]<\/p>\n","protected":false},"author":1,"featured_media":0,"comment_status":"open","ping_status":"open","sticky":false,"template":"","format":"standard","meta":{"footnotes":""},"categories":[4],"tags":[],"class_list":["post-1641","post","type-post","status-publish","format-standard","hentry","category-policial"],"_links":{"self":[{"href":"https:\/\/agoracariri.bops.com.br\/index.php?rest_route=\/wp\/v2\/posts\/1641","targetHints":{"allow":["GET"]}}],"collection":[{"href":"https:\/\/agoracariri.bops.com.br\/index.php?rest_route=\/wp\/v2\/posts"}],"about":[{"href":"https:\/\/agoracariri.bops.com.br\/index.php?rest_route=\/wp\/v2\/types\/post"}],"author":[{"embeddable":true,"href":"https:\/\/agoracariri.bops.com.br\/index.php?rest_route=\/wp\/v2\/users\/1"}],"replies":[{"embeddable":true,"href":"https:\/\/agoracariri.bops.com.br\/index.php?rest_route=%2Fwp%2Fv2%2Fcomments&post=1641"}],"version-history":[{"count":1,"href":"https:\/\/agoracariri.bops.com.br\/index.php?rest_route=\/wp\/v2\/posts\/1641\/revisions"}],"predecessor-version":[{"id":1662,"href":"https:\/\/agoracariri.bops.com.br\/index.php?rest_route=\/wp\/v2\/posts\/1641\/revisions\/1662"}],"wp:attachment":[{"href":"https:\/\/agoracariri.bops.com.br\/index.php?rest_route=%2Fwp%2Fv2%2Fmedia&parent=1641"}],"wp:term":[{"taxonomy":"category","embeddable":true,"href":"https:\/\/agoracariri.bops.com.br\/index.php?rest_route=%2Fwp%2Fv2%2Fcategories&post=1641"},{"taxonomy":"post_tag","embeddable":true,"href":"https:\/\/agoracariri.bops.com.br\/index.php?rest_route=%2Fwp%2Fv2%2Ftags&post=1641"}],"curies":[{"name":"wp","href":"https:\/\/api.w.org\/{rel}","templated":true}]}}