{"id":1627,"date":"2026-04-26T15:13:02","date_gmt":"2026-04-26T18:13:02","guid":{"rendered":"http:\/\/agoracariri.bops.com.br\/?p=1627"},"modified":"2026-04-26T15:13:02","modified_gmt":"2026-04-26T18:13:02","slug":"primeiro-trimestre-de-2026-registra-7-feminicidios-na-paraiba","status":"publish","type":"post","link":"https:\/\/agoracariri.bops.com.br\/?p=1627","title":{"rendered":"Primeiro trimestre de 2026 registra 7 feminic\u00eddios na Para\u00edba"},"content":{"rendered":"<p>Para\u00edba registra tr\u00eas mortes violentas por dia em 2025 Divulga\u00e7\u00e3o O primeiro trimestre do ano de 2026 j\u00e1 registrou 7 feminic\u00eddios na Para\u00edba. Os dados s\u00e3o do Minit\u00e9rio da Justi\u00e7a e Seguran\u00e7a P\u00fablica. Os crimes ocorreram nas cidades de Jo\u00e3o Pessoa, Arara, Itapororoca, Concei\u00e7\u00e3o, Guarabira e Ba\u00eda da Trai\u00e7\u00e3o.<\/p>\n<p>Avaliando os dados m\u00eas a m\u00eas, os meses mais violentos foram os de janeiro e mar\u00e7o, com 3 casos de feminic\u00eddios cada um. Al\u00e9m dos feminic\u00eddios j\u00e1 registrados em 2026, oito tentativas de feminic\u00eddios tamb\u00e9m ocorreram no estado, tr\u00eas em janeiro, duas em fevereiro e tr\u00eas em mar\u00e7o. Os casos aconteceram em Alagoa Grande, Cabedelo, Campina Grande, Monteiro, Natuba, Picu\u00ed, Pilar e Pombal.<\/p>\n<p>Tend\u00eancia nacional A Para\u00edba segue uma tend\u00eancia nacional de aumento nos casos. O n\u00famero de feminic\u00eddios bateu recorde no Brasil em 2025: foram mais de 1.470 casos de janeiro a dezembro, conforme dados do Minist\u00e9rio da Justi\u00e7a e Seguran\u00e7a P\u00fablica. O total supera os 1.464 registros de 2024, a maior marca at\u00e9 ent\u00e3o.<\/p>\n","protected":false},"excerpt":{"rendered":"<p>Para\u00edba registra tr\u00eas mortes violentas por dia em 2025 Divulga\u00e7\u00e3o O primeiro trimestre do ano de 2026 j\u00e1 registrou 7 feminic\u00eddios na Para\u00edba. Os dados s\u00e3o do Minit\u00e9rio da Justi\u00e7a e Seguran\u00e7a P\u00fablica. Os crimes ocorreram nas cidades de Jo\u00e3o Pessoa, Arara, Itapororoca, Concei\u00e7\u00e3o, Guarabira e Ba\u00eda da Trai\u00e7\u00e3o. Avaliando os dados m\u00eas a m\u00eas, [&hellip;]<\/p>\n","protected":false},"author":1,"featured_media":1628,"comment_status":"open","ping_status":"open","sticky":false,"template":"","format":"standard","meta":{"footnotes":""},"categories":[1],"tags":[],"class_list":["post-1627","post","type-post","status-publish","format-standard","has-post-thumbnail","hentry","category-brasil"],"_links":{"self":[{"href":"https:\/\/agoracariri.bops.com.br\/index.php?rest_route=\/wp\/v2\/posts\/1627","targetHints":{"allow":["GET"]}}],"collection":[{"href":"https:\/\/agoracariri.bops.com.br\/index.php?rest_route=\/wp\/v2\/posts"}],"about":[{"href":"https:\/\/agoracariri.bops.com.br\/index.php?rest_route=\/wp\/v2\/types\/post"}],"author":[{"embeddable":true,"href":"https:\/\/agoracariri.bops.com.br\/index.php?rest_route=\/wp\/v2\/users\/1"}],"replies":[{"embeddable":true,"href":"https:\/\/agoracariri.bops.com.br\/index.php?rest_route=%2Fwp%2Fv2%2Fcomments&post=1627"}],"version-history":[{"count":1,"href":"https:\/\/agoracariri.bops.com.br\/index.php?rest_route=\/wp\/v2\/posts\/1627\/revisions"}],"predecessor-version":[{"id":1630,"href":"https:\/\/agoracariri.bops.com.br\/index.php?rest_route=\/wp\/v2\/posts\/1627\/revisions\/1630"}],"wp:featuredmedia":[{"embeddable":true,"href":"https:\/\/agoracariri.bops.com.br\/index.php?rest_route=\/wp\/v2\/media\/1628"}],"wp:attachment":[{"href":"https:\/\/agoracariri.bops.com.br\/index.php?rest_route=%2Fwp%2Fv2%2Fmedia&parent=1627"}],"wp:term":[{"taxonomy":"category","embeddable":true,"href":"https:\/\/agoracariri.bops.com.br\/index.php?rest_route=%2Fwp%2Fv2%2Fcategories&post=1627"},{"taxonomy":"post_tag","embeddable":true,"href":"https:\/\/agoracariri.bops.com.br\/index.php?rest_route=%2Fwp%2Fv2%2Ftags&post=1627"}],"curies":[{"name":"wp","href":"https:\/\/api.w.org\/{rel}","templated":true}]}}