{"id":1623,"date":"2026-04-26T12:35:13","date_gmt":"2026-04-26T15:35:13","guid":{"rendered":"http:\/\/agoracariri.bops.com.br\/?p=1623"},"modified":"2026-04-26T12:35:13","modified_gmt":"2026-04-26T15:35:13","slug":"inscricoes-no-concurso-da-prefeitura-de-itabaiana-na-pb-com-126-vagas-terminam-neste-domingo-26","status":"publish","type":"post","link":"https:\/\/agoracariri.bops.com.br\/?p=1623","title":{"rendered":"Inscri\u00e7\u00f5es no concurso da Prefeitura de Itabaiana, na PB, com 126 vagas, terminam neste domingo (26)"},"content":{"rendered":"<p>Prova de concurso Reprodu\u00e7\u00e3o Freepik &#8211; https:\/\/br.freepik.com\/fotos-gratis\/mao-com-uma-escrita-da-pena-em-um-papel_978444.htm#fromView=search&amp;page=1&amp;position=0&amp;uuid=bc5272d0-8747-4fe0-a862-e05daf634180&amp;query=prova+de+concurso As inscri\u00e7\u00f5es para o concurso da Prefeitura de Itabaiana, no Agreste da Para\u00edba, terminam neste domingo (26).<\/p>\n<p>Vagas dispon\u00edveis N\u00edvel M\u00e9dio e T\u00e9cnico Completo Agente Comunit\u00e1rio de Sa\u00fade (A\u00e7ude das Pedras): 1 vaga. Agente Comunit\u00e1rio de Sa\u00fade (Botafogo): 1 vaga. Agente Comunit\u00e1rio de Sa\u00fade (Costa e Silva): 1 vaga. Agente Comunit\u00e1rio de Sa\u00fade (Campo Grande): 1 vaga. Agente Comunit\u00e1rio de Sa\u00fade (Casa da M\u00e3e Pobre): 1 vaga.<\/p>\n<p>Agente Comunit\u00e1rio de Sa\u00fade (Brejinho): 2 vagas. Agente Comunit\u00e1rio de Sa\u00fade (Guarita): 2 vagas. Agente Comunit\u00e1rio de Sa\u00fade (Suburbana): 1 vaga. Agente de Mobilidade Urbana: 5 vagas (4 Ampla Concorr\u00eancia + 1 PCD). Agente Fiscal de Tributos: 2 vagas. Auxiliar em Sa\u00fade Bucal: 5 vagas (4 Ampla Concorr\u00eancia + 1 PCD).<\/p>\n<p>Condutor Socorrista: 2 vagas. T\u00e9cnico Administrativo: 5 vagas (4 Ampla Concorr\u00eancia + 1 PCD). T\u00e9cnico de Enfermagem: 8 vagas (6 Ampla Concorr\u00eancia + 2 PCD). T\u00e9cnico de Laborat\u00f3rio de An\u00e1lises Cl\u00ednicas: 2 vagas. T\u00e9cnico em Suporte de TI: 1 vaga. N\u00edvel Superior Completo Analista de Redes e Comunica\u00e7\u00e3o de Dados: 1 vaga.<\/p>\n<p>Assistente Social: 2 vagas. Cirurgi\u00e3o Dentista: 5 vagas (4 Ampla Concorr\u00eancia + 1 PCD). Enfermeiro: 8 vagas (6 Ampla Concorr\u00eancia + 2 PCD). Engenheiro Ambiental: 1 vaga. Engenheiro Civil: 1 vaga. Fisioterapeuta: 5 vagas (4 Ampla Concorr\u00eancia + 1 PCD). Fonoaudi\u00f3logo: 1 vaga. M\u00e9dico &#8211; ESF: 5 vagas (4 Ampla Concorr\u00eancia + 1 PCD).<\/p>\n<p>M\u00e9dico Veterin\u00e1rio: 1 vaga. Nutricionista: 2 vagas. Psic\u00f3logo Cl\u00ednico: 2 vagas. Terapeuta Ocupacional: 2 vagas. N\u00edvel Superior &#8211; Magist\u00e9rio Completo Professor A: 40 vagas (32 Ampla Concorr\u00eancia + 8 PCD). Professor de Artes: 1 vaga. Professor de Ci\u00eancias: 1 vaga. Professor de Educa\u00e7\u00e3o F\u00edsica: 1 vaga.<\/p>\n<p>Professor de Hist\u00f3ria: 1 vaga. Professor de Geografia: 1 vaga. Professor de L\u00edngua Inglesa: 1 vaga. Professor de L\u00edngua Portuguesa: 1 vaga. Professor de Matem\u00e1tica: 1 vaga. Professor de Inform\u00e1tica: 1 vaga. Psicopedagogo: 1 vaga. Veja os v\u00eddeos que est\u00e3o em alta no g1 O processo seletivo ser\u00e1 realizado em duas fases, com a primeira sendo a prova escrita objetiva, que vale para todos os cargos.<\/p>\n<p>A segunda etapa consiste em uma prova pr\u00e1tica para o cargo de Condutor Socorrista, e uma prova de t\u00edtulos para as vagas de n\u00edvel superior com magist\u00e9rio completo. Em caso de d\u00favidas, os candidatos podem consultar o edital do concurso, que detalha o conte\u00fado program\u00e1tico, os crit\u00e9rios de avalia\u00e7\u00e3o e desempate, al\u00e9m das vagas reservadas \u00e0s para cotas.<\/p>\n","protected":false},"excerpt":{"rendered":"<p>Prova de concurso Reprodu\u00e7\u00e3o Freepik &#8211; https:\/\/br.freepik.com\/fotos-gratis\/mao-com-uma-escrita-da-pena-em-um-papel_978444.htm#fromView=search&amp;page=1&amp;position=0&amp;uuid=bc5272d0-8747-4fe0-a862-e05daf634180&amp;query=prova+de+concurso As inscri\u00e7\u00f5es para o concurso da Prefeitura de Itabaiana, no Agreste da Para\u00edba, terminam neste domingo (26). Vagas dispon\u00edveis N\u00edvel M\u00e9dio e T\u00e9cnico Completo Agente Comunit\u00e1rio de Sa\u00fade (A\u00e7ude das Pedras): 1 vaga. Agente Comunit\u00e1rio de Sa\u00fade (Botafogo): 1 vaga. Agente Comunit\u00e1rio de Sa\u00fade (Costa e Silva): 1 [&hellip;]<\/p>\n","protected":false},"author":1,"featured_media":1624,"comment_status":"open","ping_status":"open","sticky":false,"template":"","format":"standard","meta":{"footnotes":""},"categories":[1],"tags":[],"class_list":["post-1623","post","type-post","status-publish","format-standard","has-post-thumbnail","hentry","category-brasil"],"_links":{"self":[{"href":"https:\/\/agoracariri.bops.com.br\/index.php?rest_route=\/wp\/v2\/posts\/1623","targetHints":{"allow":["GET"]}}],"collection":[{"href":"https:\/\/agoracariri.bops.com.br\/index.php?rest_route=\/wp\/v2\/posts"}],"about":[{"href":"https:\/\/agoracariri.bops.com.br\/index.php?rest_route=\/wp\/v2\/types\/post"}],"author":[{"embeddable":true,"href":"https:\/\/agoracariri.bops.com.br\/index.php?rest_route=\/wp\/v2\/users\/1"}],"replies":[{"embeddable":true,"href":"https:\/\/agoracariri.bops.com.br\/index.php?rest_route=%2Fwp%2Fv2%2Fcomments&post=1623"}],"version-history":[{"count":1,"href":"https:\/\/agoracariri.bops.com.br\/index.php?rest_route=\/wp\/v2\/posts\/1623\/revisions"}],"predecessor-version":[{"id":1629,"href":"https:\/\/agoracariri.bops.com.br\/index.php?rest_route=\/wp\/v2\/posts\/1623\/revisions\/1629"}],"wp:featuredmedia":[{"embeddable":true,"href":"https:\/\/agoracariri.bops.com.br\/index.php?rest_route=\/wp\/v2\/media\/1624"}],"wp:attachment":[{"href":"https:\/\/agoracariri.bops.com.br\/index.php?rest_route=%2Fwp%2Fv2%2Fmedia&parent=1623"}],"wp:term":[{"taxonomy":"category","embeddable":true,"href":"https:\/\/agoracariri.bops.com.br\/index.php?rest_route=%2Fwp%2Fv2%2Fcategories&post=1623"},{"taxonomy":"post_tag","embeddable":true,"href":"https:\/\/agoracariri.bops.com.br\/index.php?rest_route=%2Fwp%2Fv2%2Ftags&post=1623"}],"curies":[{"name":"wp","href":"https:\/\/api.w.org\/{rel}","templated":true}]}}