{"id":1613,"date":"2026-04-25T23:49:47","date_gmt":"2026-04-26T02:49:47","guid":{"rendered":"http:\/\/agoracariri.bops.com.br\/?p=1613"},"modified":"2026-04-25T23:49:47","modified_gmt":"2026-04-26T02:49:47","slug":"vidraceiro-e-apaixonado-por-jiu-jitsu-saiba-quem-era-o-motociclista-morto-apos-discussao-com-motorista-de-onibus-em-joao-pessoa","status":"publish","type":"post","link":"https:\/\/agoracariri.bops.com.br\/?p=1613","title":{"rendered":"Vidraceiro e \u2018apaixonado\u2019 por jiu-jitsu: saiba quem era o motociclista morto ap\u00f3s discuss\u00e3o com motorista de \u00f4nibus, em Jo\u00e3o Pessoa"},"content":{"rendered":"<p>Matheus Souza tinha 26 anos e era vidraceiro. Arquivo Pessoal O motociclista que morreu ap\u00f3s ser atropelado por um \u00f4nibus, na tarde da quinta-feira (23), no bairro do Cui\u00e1, na Zona Sul de Jo\u00e3o Pessoa, foi identificado como o vidraceiro Matheus de Souza Soares, de 26 anos. Para a fam\u00edlia, ele era descrito como um homem alegre, dedicado e cheio de planos.<\/p>\n<p>Segundo a Pol\u00edcia Militar e a Pol\u00edcia Civil, o caso come\u00e7ou ap\u00f3s uma discuss\u00e3o de tr\u00e2nsito entre o motociclista e o motorista do \u00f4nibus, antes do atropelamento. De acordo com a Pol\u00edcia Civil, o motorista do transporte coletivo fugiu do local ap\u00f3s o atropelamento, mas foi preso em flagrante horas depois.<\/p>\n<p>Ele deve responder por homic\u00eddio doloso, quando h\u00e1 inten\u00e7\u00e3o de matar, e por les\u00e3o corporal contra duas pessoas. LEIA TAMB\u00c9M: V\u00eddeo mostra momento em que motorista de \u00f4nibus atropela motociclista Esposa de motociclista atropelado e morto por motorista de \u00f4nibus cobra justi\u00e7a: &#039;Ele foi assassinado&#039; Ao g1, a esposa do motociclista, Ana Beatriz, contou que Matheus era um jovem de sorriso f\u00e1cil, conhecido por estar sempre disposto a ajudar e incentivar quem estava ao seu redor.<\/p>\n<p>Ap\u00f3s um per\u00edodo afastados, retomaram o contato em 2020 e, desde ent\u00e3o, mantinham uma rela\u00e7\u00e3o pr\u00f3xima. O primeiro encontro aconteceu em 19 de julho de 2021, data que, segundo a esposa, marcou o in\u00edcio da vida a dois. \u201cDesde esse dia, nunca mais nos largamos. A gente vivia junto para tudo (&#8230;) Eu tenho certeza que fui amada at\u00e9 o \u00faltimo suspiro de forma verdadeira.<\/p>\n<p>Ele era a minha alma g\u00eamea. T\u00ednhamos uma conex\u00e3o de outras vidas\u201d, relembrou. Sonhos e planos interrompidos Descrito como determinado, Matheus havia dado um passo recente na vida profissional. H\u00e1 cerca de quatro meses, abriu a pr\u00f3pria empresa no ramo de vidra\u00e7aria, projeto que, segundo a fam\u00edlia, estava em crescimento.<\/p>\n<p>\u201cEle sonhava em mudar de vida. Sempre dizia: \u2018amor, n\u00f3s vamos mudar de vida, voc\u00ea cr\u00ea?\u2019\u201d, contou Ana Beatriz. Al\u00e9m do trabalho, ele mantinha h\u00e1bitos simples. Gostava de assistir v\u00eddeos na internet, passava tempo em casa com a esposa e praticava jiu-j\u00edtsu, esporte no qual havia comemorado recentemente a conquista de um grau na faixa.<\/p>\n<p>Matheus tamb\u00e9m era ligado \u00e0 igreja, onde j\u00e1 havia atuado como obreiro, sendo descrito como uma pessoa de f\u00e9. O dia do acidente V\u00eddeo mostra momento em que motorista de \u00f4nibus atropela motociclista, em Jo\u00e3o Pessoa Na manh\u00e3 do acidente, o casal seguiu a rotina habitual. Matheus tomou caf\u00e9 com a esposa e a deixou no trabalho.<\/p>\n<p>Segundo Ana Beatriz, um detalhe chamou a aten\u00e7\u00e3o. \u201cEle n\u00e3o costumava comer na mesa, sempre comia no sof\u00e1. Mas nesse dia sentou comigo. Disse que n\u00e3o conseguia comer cedo, tomou s\u00f3 o cappuccino\u201d. Ao longo do dia, ele cumpriu compromissos profissionais e chegou a comentar, em tom de brincadeira, sobre um quase acidente no tr\u00e2nsito horas antes.<\/p>\n<p>\u201cEle disse rindo: \u2018amor, eu ia virando estampa de camisa\u2019\u201d, relatou. Pouco depois, Matheus foi at\u00e9 o local de trabalho da esposa, despediu-se e seguiu para casa. Mais tarde, mesmo ap\u00f3s ela dizer que n\u00e3o precisava, decidiu ir busc\u00e1-la. \u201cEu falei que n\u00e3o precisava, mas ele respondeu: \u2018deixa de show, voc\u00ea sabe que eu vou\u2019.<\/p>\n<p>E foi nesse caminho que tudo aconteceu\u201d, disse. Matheus de Souza foi enterrado na tarde desta sexta-feira (25) Arquivo Pessoal\/Ana Beatriz Desdobramentos Discuss\u00e3o de tr\u00e2nsito entre motorista de \u00f4nibus e motociclista termina com um morto e dois feridos, em Jo\u00e3o Pessoa Diogo Pinheiro\/TV Cabo Branco O motorista de \u00f4nibus Carlos Eliezer Pereira de Carvalho, suspeito de atropelar e matar Matheus ap\u00f3s uma discuss\u00e3o de tr\u00e2nsito, teve a pris\u00e3o preventiva mantida e foi encaminhado para a Penitenci\u00e1ria Desembargador Fl\u00f3scolo da N\u00f3brega, conhecida como pres\u00eddio do R\u00f3ger, em Jo\u00e3o Pessoa.<\/p>\n<p>A decis\u00e3o foi divulgada ap\u00f3s audi\u00eancia de cust\u00f3dia realizada na sexta-feira (24). De acordo com processo ao qual o g1 teve acesso, o suspeito j\u00e1 havia sido preso no ano passado por jogar um \u00f4nibus contra o carro de uma mulher \u201cdiversas vezes\u201d. Procurada, a defesa de Carlos Eliezer informou \u00e0 Rede Para\u00edba de Comunica\u00e7\u00e3o que n\u00e3o iria se pronunciar.<\/p>\n","protected":false},"excerpt":{"rendered":"<p>Matheus Souza tinha 26 anos e era vidraceiro. Arquivo Pessoal O motociclista que morreu ap\u00f3s ser atropelado por um \u00f4nibus, na tarde da quinta-feira (23), no bairro do Cui\u00e1, na Zona Sul de Jo\u00e3o Pessoa, foi identificado como o vidraceiro Matheus de Souza Soares, de 26 anos. Para a fam\u00edlia, ele era descrito como um [&hellip;]<\/p>\n","protected":false},"author":1,"featured_media":1614,"comment_status":"open","ping_status":"open","sticky":false,"template":"","format":"standard","meta":{"footnotes":""},"categories":[1],"tags":[],"class_list":["post-1613","post","type-post","status-publish","format-standard","has-post-thumbnail","hentry","category-brasil"],"_links":{"self":[{"href":"https:\/\/agoracariri.bops.com.br\/index.php?rest_route=\/wp\/v2\/posts\/1613","targetHints":{"allow":["GET"]}}],"collection":[{"href":"https:\/\/agoracariri.bops.com.br\/index.php?rest_route=\/wp\/v2\/posts"}],"about":[{"href":"https:\/\/agoracariri.bops.com.br\/index.php?rest_route=\/wp\/v2\/types\/post"}],"author":[{"embeddable":true,"href":"https:\/\/agoracariri.bops.com.br\/index.php?rest_route=\/wp\/v2\/users\/1"}],"replies":[{"embeddable":true,"href":"https:\/\/agoracariri.bops.com.br\/index.php?rest_route=%2Fwp%2Fv2%2Fcomments&post=1613"}],"version-history":[{"count":1,"href":"https:\/\/agoracariri.bops.com.br\/index.php?rest_route=\/wp\/v2\/posts\/1613\/revisions"}],"predecessor-version":[{"id":1617,"href":"https:\/\/agoracariri.bops.com.br\/index.php?rest_route=\/wp\/v2\/posts\/1613\/revisions\/1617"}],"wp:featuredmedia":[{"embeddable":true,"href":"https:\/\/agoracariri.bops.com.br\/index.php?rest_route=\/wp\/v2\/media\/1614"}],"wp:attachment":[{"href":"https:\/\/agoracariri.bops.com.br\/index.php?rest_route=%2Fwp%2Fv2%2Fmedia&parent=1613"}],"wp:term":[{"taxonomy":"category","embeddable":true,"href":"https:\/\/agoracariri.bops.com.br\/index.php?rest_route=%2Fwp%2Fv2%2Fcategories&post=1613"},{"taxonomy":"post_tag","embeddable":true,"href":"https:\/\/agoracariri.bops.com.br\/index.php?rest_route=%2Fwp%2Fv2%2Ftags&post=1613"}],"curies":[{"name":"wp","href":"https:\/\/api.w.org\/{rel}","templated":true}]}}