{"id":1610,"date":"2026-04-25T23:46:04","date_gmt":"2026-04-26T02:46:04","guid":{"rendered":"http:\/\/agoracariri.bops.com.br\/?p=1610"},"modified":"2026-04-25T23:46:04","modified_gmt":"2026-04-26T02:46:04","slug":"ex-prefeito-caririzeiro-e-condenado-por-improbidade-administrativa-confira-a-decisao","status":"publish","type":"post","link":"https:\/\/agoracariri.bops.com.br\/?p=1610","title":{"rendered":"Ex-prefeito caririzeiro \u00e9 condenado por improbidade administrativa; confira a decis\u00e3o"},"content":{"rendered":"<p>O ex-prefeito de S\u00e3o Jo\u00e3o do Tigre, Jos\u00e9 Mauc\u00e9lio Barbosa, foi condenado por ato de improbidade administrativa em decis\u00e3o da Justi\u00e7a da Para\u00edba. A senten\u00e7a foi proferida no dia 24 de abril de 2026, \u00e0s 13h08, pelo juiz Ronald Neves Pereira, da 1\u00aa Vara Mista de Monteiro.<\/p>\n<p>A a\u00e7\u00e3o, movida pelo Minist\u00e9rio P\u00fablico do Estado da Para\u00edba, apontou que o ex-gestor realizou contrata\u00e7\u00f5es tempor\u00e1rias irregulares, a partir de 2017, para fun\u00e7\u00f5es permanentes da administra\u00e7\u00e3o p\u00fablica, sem concurso.<\/p>\n<p>Na decis\u00e3o, a Justi\u00e7a entendeu que houve viola\u00e7\u00e3o aos princ\u00edpios da administra\u00e7\u00e3o p\u00fablica e condenou o ex-prefeito ao pagamento de multa equivalente a 18 vezes o sal\u00e1rio da \u00e9poca, al\u00e9m da proibi\u00e7\u00e3o de contratar com o poder p\u00fablico por 3 anos.<\/p>\n<p>Ap\u00f3s o tr\u00e2nsito em julgado, a decis\u00e3o ainda poder\u00e1 gerar efeitos na esfera eleitoral, conforme a legisla\u00e7\u00e3o vigente.<\/p>\n<p>https:\/\/www.paraibamix.com.br\/wp-content\/uploads\/2026\/04\/%C2%B7-TJPB-1o-Grau-Processo-Judicial-Eletronico.pdf<\/p>\n<p>De Olho no Cariri Com Para\u00edba Mix<\/p>\n<p>O post Ex-prefeito caririzeiro \u00e9 condenado por improbidade administrativa; confira a decis\u00e3o apareceu primeiro em De Olho no Cariri.<\/p>\n","protected":false},"excerpt":{"rendered":"<p>O ex-prefeito de S\u00e3o Jo\u00e3o do Tigre, Jos\u00e9 Mauc\u00e9lio Barbosa, foi condenado por ato de improbidade administrativa em decis\u00e3o da Justi\u00e7a da Para\u00edba. A senten\u00e7a foi proferida no dia 24 de abril de 2026, \u00e0s 13h08, pelo juiz Ronald Neves Pereira, da 1\u00aa Vara Mista de Monteiro. A a\u00e7\u00e3o, movida pelo Minist\u00e9rio P\u00fablico do Estado [&hellip;]<\/p>\n","protected":false},"author":1,"featured_media":0,"comment_status":"open","ping_status":"open","sticky":false,"template":"","format":"standard","meta":{"footnotes":""},"categories":[1],"tags":[],"class_list":["post-1610","post","type-post","status-publish","format-standard","hentry","category-brasil"],"_links":{"self":[{"href":"https:\/\/agoracariri.bops.com.br\/index.php?rest_route=\/wp\/v2\/posts\/1610","targetHints":{"allow":["GET"]}}],"collection":[{"href":"https:\/\/agoracariri.bops.com.br\/index.php?rest_route=\/wp\/v2\/posts"}],"about":[{"href":"https:\/\/agoracariri.bops.com.br\/index.php?rest_route=\/wp\/v2\/types\/post"}],"author":[{"embeddable":true,"href":"https:\/\/agoracariri.bops.com.br\/index.php?rest_route=\/wp\/v2\/users\/1"}],"replies":[{"embeddable":true,"href":"https:\/\/agoracariri.bops.com.br\/index.php?rest_route=%2Fwp%2Fv2%2Fcomments&post=1610"}],"version-history":[{"count":1,"href":"https:\/\/agoracariri.bops.com.br\/index.php?rest_route=\/wp\/v2\/posts\/1610\/revisions"}],"predecessor-version":[{"id":1616,"href":"https:\/\/agoracariri.bops.com.br\/index.php?rest_route=\/wp\/v2\/posts\/1610\/revisions\/1616"}],"wp:attachment":[{"href":"https:\/\/agoracariri.bops.com.br\/index.php?rest_route=%2Fwp%2Fv2%2Fmedia&parent=1610"}],"wp:term":[{"taxonomy":"category","embeddable":true,"href":"https:\/\/agoracariri.bops.com.br\/index.php?rest_route=%2Fwp%2Fv2%2Fcategories&post=1610"},{"taxonomy":"post_tag","embeddable":true,"href":"https:\/\/agoracariri.bops.com.br\/index.php?rest_route=%2Fwp%2Fv2%2Ftags&post=1610"}],"curies":[{"name":"wp","href":"https:\/\/api.w.org\/{rel}","templated":true}]}}