{"id":1516,"date":"2026-04-24T13:42:50","date_gmt":"2026-04-24T16:42:50","guid":{"rendered":"http:\/\/agoracariri.bops.com.br\/?p=1516"},"modified":"2026-04-24T13:42:50","modified_gmt":"2026-04-24T16:42:50","slug":"programacao-do-sao-joao-2026-de-joao-pessoa-tem-raphaela-santos-e-mais-atracoes-confirmadas-confira","status":"publish","type":"post","link":"https:\/\/agoracariri.bops.com.br\/?p=1516","title":{"rendered":"Programa\u00e7\u00e3o do S\u00e3o Jo\u00e3o 2026 de Jo\u00e3o Pessoa tem Raphaela Santos e mais atra\u00e7\u00f5es confirmadas; confira"},"content":{"rendered":"<p>Raphaela Santos \u00e9 uma das atra\u00e7\u00f5es do S\u00e3o Jo\u00e3o 2026 de Jo\u00e3o Pessoa, na Para\u00edba Reprodu\u00e7\u00e3o A programa\u00e7\u00e3o completa do S\u00e3o Jo\u00e3o 2026 de Jo\u00e3o Pessoa, capital da Para\u00edba, foi divulgada nesta sexta-feira (24). A festa deve acontecer entre os dias 19 e 24 de junho, e tem Raphaela Santos, Eliane e S\u00e2mya Maia entre as atra\u00e7\u00f5es confirmadas (confira a programa\u00e7\u00e3o completa ao fim da mat\u00e9ria).<\/p>\n<p>Os shows do S\u00e3o Jo\u00e3o de Jo\u00e3o Pessoa v\u00e3o acontecer no Parque S\u00f3lon de Lucena, a Lagoa, e ser\u00e3o divididos entre o palco de cultura popular e o palco principal. Al\u00e9m dos shows principais, outras apresenta\u00e7\u00f5es tamb\u00e9m devem acontecer no Busto de Tamandar\u00e9 e nos bairro j\u00e1 a partir do m\u00eas de maio, como parte da programa\u00e7\u00e3o do pr\u00e9-junino.<\/p>\n","protected":false},"excerpt":{"rendered":"<p>Raphaela Santos \u00e9 uma das atra\u00e7\u00f5es do S\u00e3o Jo\u00e3o 2026 de Jo\u00e3o Pessoa, na Para\u00edba Reprodu\u00e7\u00e3o A programa\u00e7\u00e3o completa do S\u00e3o Jo\u00e3o 2026 de Jo\u00e3o Pessoa, capital da Para\u00edba, foi divulgada nesta sexta-feira (24). A festa deve acontecer entre os dias 19 e 24 de junho, e tem Raphaela Santos, Eliane e S\u00e2mya Maia entre [&hellip;]<\/p>\n","protected":false},"author":1,"featured_media":1517,"comment_status":"open","ping_status":"open","sticky":false,"template":"","format":"standard","meta":{"footnotes":""},"categories":[1],"tags":[],"class_list":["post-1516","post","type-post","status-publish","format-standard","has-post-thumbnail","hentry","category-brasil"],"_links":{"self":[{"href":"https:\/\/agoracariri.bops.com.br\/index.php?rest_route=\/wp\/v2\/posts\/1516","targetHints":{"allow":["GET"]}}],"collection":[{"href":"https:\/\/agoracariri.bops.com.br\/index.php?rest_route=\/wp\/v2\/posts"}],"about":[{"href":"https:\/\/agoracariri.bops.com.br\/index.php?rest_route=\/wp\/v2\/types\/post"}],"author":[{"embeddable":true,"href":"https:\/\/agoracariri.bops.com.br\/index.php?rest_route=\/wp\/v2\/users\/1"}],"replies":[{"embeddable":true,"href":"https:\/\/agoracariri.bops.com.br\/index.php?rest_route=%2Fwp%2Fv2%2Fcomments&post=1516"}],"version-history":[{"count":1,"href":"https:\/\/agoracariri.bops.com.br\/index.php?rest_route=\/wp\/v2\/posts\/1516\/revisions"}],"predecessor-version":[{"id":1526,"href":"https:\/\/agoracariri.bops.com.br\/index.php?rest_route=\/wp\/v2\/posts\/1516\/revisions\/1526"}],"wp:featuredmedia":[{"embeddable":true,"href":"https:\/\/agoracariri.bops.com.br\/index.php?rest_route=\/wp\/v2\/media\/1517"}],"wp:attachment":[{"href":"https:\/\/agoracariri.bops.com.br\/index.php?rest_route=%2Fwp%2Fv2%2Fmedia&parent=1516"}],"wp:term":[{"taxonomy":"category","embeddable":true,"href":"https:\/\/agoracariri.bops.com.br\/index.php?rest_route=%2Fwp%2Fv2%2Fcategories&post=1516"},{"taxonomy":"post_tag","embeddable":true,"href":"https:\/\/agoracariri.bops.com.br\/index.php?rest_route=%2Fwp%2Fv2%2Ftags&post=1516"}],"curies":[{"name":"wp","href":"https:\/\/api.w.org\/{rel}","templated":true}]}}