{"id":1514,"date":"2026-04-24T13:52:46","date_gmt":"2026-04-24T16:52:46","guid":{"rendered":"http:\/\/agoracariri.bops.com.br\/?p=1514"},"modified":"2026-04-24T13:52:46","modified_gmt":"2026-04-24T16:52:46","slug":"motorista-de-onibus-que-atropelou-e-matou-motociclista-vai-para-presidio-do-roger-apos-audiencia-de-custodia","status":"publish","type":"post","link":"https:\/\/agoracariri.bops.com.br\/?p=1514","title":{"rendered":"Motorista de \u00f4nibus que atropelou e matou motociclista vai para pres\u00eddio do R\u00f3ger ap\u00f3s audi\u00eancia de cust\u00f3dia"},"content":{"rendered":"<p>V\u00eddeo mostra momento em que motorista de \u00f4nibus atropela motociclista, em Jo\u00e3o Pessoa O motorista de \u00f4nibus Carlos Eliezer Pereira de Carvalho, suspeito e atropelar e matar um motociclista ap\u00f3s uma discuss\u00e3o de tr\u00e2nsito, teve a pris\u00e3o mantida e foi encaminhado para a Penitenci\u00e1ria Desembargador Fl\u00f3scolo da N\u00f3brega, conhecida como pres\u00eddio do R\u00f3ger, em Jo\u00e3o Pessoa.<\/p>\n<p>Momento em que motorista de \u00f4nibus atropela motociclista, no Cui\u00e1, em Jo\u00e3o Pessoa Reprodu\u00e7\u00e3o\/TV Cabo Branco Al\u00e9m da manuten\u00e7\u00e3o da pris\u00e3o, a decis\u00e3o judicial determinou a coleta de material biol\u00f3gico de Carlos Eliezer, que deve ser feita pelo Instituto de Pol\u00edcia Cient\u00edfica da Para\u00edba (IPC) no prazo de dez dias, conforme previsto em lei.<\/p>\n<p>O atropelamento aconteceu no bairro do Cui\u00e1, na Zona Sul de Jo\u00e3o Pessoa, na tarde da \u00faltima quinta-feira (23). A v\u00edtima que morreu foi identificada como Matheus de Souza Soares, de 26 anos. Discuss\u00e3o de tr\u00e2nsito entre motorista de \u00f4nibus e motociclista termina com um morto e dois feridos, em Jo\u00e3o Pessoa Diogo Pinheiro\/TV Cabo Branco Duas outras pessoas foram atingidas no epis\u00f3dio e ficaram feridas.<\/p>\n<p>De acordo com o Hospital de Emerg\u00eancia e Trauma da capital, uma das v\u00edtimas, de 56 anos, recebeu alta na tarde de quinta-feira (23), e a outra, de 29 anos, segue internada em estado est\u00e1vel. Antes da pris\u00e3o, o Sindicato das Empresas de Transporte Coletivo Urbano de Jo\u00e3o Pessoa (Sintur-JP) informou, em nota enviada ao g1, que n\u00e3o houve discuss\u00e3o.<\/p>\n<p>Segundo a entidade, com base no relato do condutor, o \u00f4nibus trafegava dentro do limite de velocidade da via quando o motociclista caiu \u00e0 frente do ve\u00edculo, sem possibilidade de evitar o atropelamento. Nesta sexta-feira (24), a Rede Para\u00edba solicitou um novo posicionamento ao sindicato, mas n\u00e3o recebeu resposta at\u00e9 a \u00faltima atualiza\u00e7\u00e3o desta reportagem.<\/p>\n<p>Pol\u00edcia Civil afirma que a\u00e7\u00e3o do motorista foi intencional Acidente com \u00f4nibus termina em morte de motociclista no Cui\u00e1 O delegado Douglas Garc\u00eda, que acompanhou as investiga\u00e7\u00f5es preliminares, afirma que caso se enquadra como homic\u00eddio doloso. Segundo ele, o \u00f4nibus &quot;foi utilizado como instrumento do crime&quot;.<\/p>\n<p>&quot;Conclu\u00edmos que n\u00e3o se tratava de um acidente de tr\u00e2nsito, tampouco um crime de tr\u00e2nsito, mas sim um homic\u00eddio doloso cujo ve\u00edculo, um \u00f4nibus foi utilizado como instrumento do crime. Ele foi autuado por homic\u00eddio doloso qualificado e duas les\u00f5es corporais na modalidade culposa&quot;, disse o delegado. A investiga\u00e7\u00e3o aponta que testemunhas foram ouvidas formalmente, al\u00e9m do pr\u00f3prio motorista.<\/p>\n<p>Segundo Douglas Garc\u00eda, no depoimento, o suspeito falou pouco. Ap\u00f3s a pris\u00e3o, ele foi encaminhado ao Instituto de Pol\u00edcia Cient\u00edfica da Para\u00edba (IPC), onde passou por exames. &quot;Analisando as imagens, antes mesmo da v\u00edtima conseguir efetuar o lan\u00e7amento dessa pedra, se de fato tratasse de uma pedra, o motorista desvia o seu ve\u00edculo e praticamente invade a cal\u00e7ada, atinge a v\u00edtima, atinge tamb\u00e9m a moto que estava estacionada&quot;, disse.<\/p>\n<p>Motociclista que morreu foi indentificado Matheus Souza, de 26 anos. Disucss\u00e3o aconteceu em Jo\u00e3o Pessoa Reprodu\u00e7\u00e3o O delegado tamb\u00e9m afirmou que pelas imagens, no entanto, n\u00e3o \u00e9 poss\u00edvel dizer se houve um arremesso de uma pedra no caso e nem quem teria arremessado o objeto. Passageiros estavam dentro do \u00f4nibus quando tudo aconteceu.<\/p>\n<p>No depoimento do motorista para a pol\u00edcia, Douglas Gar\u00edcia disse que o suspeito chegou a dizer que n\u00e3o sentiu algo batendo na dianteira do \u00f4nibus e que foi avisado somente pelos passageiros um tempo depois, quando houve uma &quot;gritaria&quot; dentro do ve\u00edculo. &quot;Existiam passageiros sim dentro do \u00f4nibus, inclusive, ele (motorista) disse que alguns passageiros come\u00e7aram a gritar para ele parar mas ele acabou seguindo.<\/p>\n<p>Primeiro ele disse que n\u00e3o sabia que tinha batido em algum lugar, em alguma pessoa, n\u00e3o sentiu nenhum impacto, o que causou estrenamento. Depois ele j\u00e1 disse que houve uma gritaria dentro do \u00f4nibus. A conversa dele estava desencontrada, isso chamou aten\u00e7\u00e3o da pol\u00edcia&quot;, explicou o delegado. Per\u00edcia foi realizada no local e no \u00f4nibus Frente do \u00f4nbius ap\u00f3s a situa\u00e7\u00e3o em Cui\u00e1, em Jo\u00e3o Pessoa Fl\u00e1vio Fernandes\/TV Cabo Branco Uma per\u00edcia foi realizada no local da morte pelo Instituto de Pol\u00edcia Cient\u00edfica da Para\u00edba (IPC-PB) e, de acordo com o perito Fabr\u00edcio Menezes, foi constatado que a v\u00edtima que acabou morrendo foi arrastada pelo \u00f4nibus por alguns metros.<\/p>\n<p>O \u00f4nibus passou por per\u00edcia posterior, j\u00e1 que o motorista do ve\u00edculo fugiu depois do ocorrido. Na per\u00edcia realizada no \u00f4nbus, o IPC encontrou resqu\u00edcios de massa encef\u00e1lica no pneu esquerdo traseiro do ve\u00edculo, al\u00e9m da lataria destru\u00edda na parte dianteira. Antes da investiga\u00e7\u00e3o aberta, preliminarmente a Pol\u00edcia Militar informou que testemunhas relataram que o desentendimento come\u00e7ou ap\u00f3s uma troca de acusa\u00e7\u00f5es entre os dois condutores.<\/p>\n","protected":false},"excerpt":{"rendered":"<p>V\u00eddeo mostra momento em que motorista de \u00f4nibus atropela motociclista, em Jo\u00e3o Pessoa O motorista de \u00f4nibus Carlos Eliezer Pereira de Carvalho, suspeito e atropelar e matar um motociclista ap\u00f3s uma discuss\u00e3o de tr\u00e2nsito, teve a pris\u00e3o mantida e foi encaminhado para a Penitenci\u00e1ria Desembargador Fl\u00f3scolo da N\u00f3brega, conhecida como pres\u00eddio do R\u00f3ger, em Jo\u00e3o [&hellip;]<\/p>\n","protected":false},"author":1,"featured_media":1515,"comment_status":"open","ping_status":"open","sticky":false,"template":"","format":"standard","meta":{"footnotes":""},"categories":[1],"tags":[],"class_list":["post-1514","post","type-post","status-publish","format-standard","has-post-thumbnail","hentry","category-brasil"],"_links":{"self":[{"href":"https:\/\/agoracariri.bops.com.br\/index.php?rest_route=\/wp\/v2\/posts\/1514","targetHints":{"allow":["GET"]}}],"collection":[{"href":"https:\/\/agoracariri.bops.com.br\/index.php?rest_route=\/wp\/v2\/posts"}],"about":[{"href":"https:\/\/agoracariri.bops.com.br\/index.php?rest_route=\/wp\/v2\/types\/post"}],"author":[{"embeddable":true,"href":"https:\/\/agoracariri.bops.com.br\/index.php?rest_route=\/wp\/v2\/users\/1"}],"replies":[{"embeddable":true,"href":"https:\/\/agoracariri.bops.com.br\/index.php?rest_route=%2Fwp%2Fv2%2Fcomments&post=1514"}],"version-history":[{"count":1,"href":"https:\/\/agoracariri.bops.com.br\/index.php?rest_route=\/wp\/v2\/posts\/1514\/revisions"}],"predecessor-version":[{"id":1527,"href":"https:\/\/agoracariri.bops.com.br\/index.php?rest_route=\/wp\/v2\/posts\/1514\/revisions\/1527"}],"wp:featuredmedia":[{"embeddable":true,"href":"https:\/\/agoracariri.bops.com.br\/index.php?rest_route=\/wp\/v2\/media\/1515"}],"wp:attachment":[{"href":"https:\/\/agoracariri.bops.com.br\/index.php?rest_route=%2Fwp%2Fv2%2Fmedia&parent=1514"}],"wp:term":[{"taxonomy":"category","embeddable":true,"href":"https:\/\/agoracariri.bops.com.br\/index.php?rest_route=%2Fwp%2Fv2%2Fcategories&post=1514"},{"taxonomy":"post_tag","embeddable":true,"href":"https:\/\/agoracariri.bops.com.br\/index.php?rest_route=%2Fwp%2Fv2%2Ftags&post=1514"}],"curies":[{"name":"wp","href":"https:\/\/api.w.org\/{rel}","templated":true}]}}