{"id":1500,"date":"2026-04-24T11:50:10","date_gmt":"2026-04-24T14:50:10","guid":{"rendered":"http:\/\/agoracariri.bops.com.br\/?p=1500"},"modified":"2026-04-24T11:50:10","modified_gmt":"2026-04-24T14:50:10","slug":"video-mostra-momento-em-que-motorista-de-onibus-atropela-motociclista-em-joao-pessoa","status":"publish","type":"post","link":"https:\/\/agoracariri.bops.com.br\/?p=1500","title":{"rendered":"V\u00eddeo mostra momento em que motorista de \u00f4nibus atropela motociclista, em Jo\u00e3o Pessoa"},"content":{"rendered":"<p>V\u00eddeo mostra momento em que motorista de \u00f4nibus atropela motociclista, em Jo\u00e3o Pessoa Imagens de c\u00e2meras de seguran\u00e7a mostram o momento em que um motorista de \u00f4nibus, ap\u00f3s uma discuss\u00e3o no tr\u00e2nsito, atropela um motociclista, que morreu no local, na tarde da quinta-feira (23), no bairro do Cui\u00e1, na Zona Sul de Jo\u00e3o Pessoa.<\/p>\n<p>O ve\u00edculo passa por cima do motociclista e o arrasta por alguns metros. Dois outros motociclistas tamb\u00e9m s\u00e3o atingidos. A v\u00edtima que morreu foi identificada pela fam\u00edlia como Matheus de Souza Soares, de 26 anos. Segundo a Pol\u00edcia Militar e a Pol\u00edcia Civil, o caso teve in\u00edcio ap\u00f3s uma discuss\u00e3o de tr\u00e2nsito entre o motorista do \u00f4nibus e o motociclista antes do acidente aconteceu.<\/p>\n<p>Momento em que motorista de \u00f4nibus atropela motociclista, no Cui\u00e1, em Jo\u00e3o Pessoa Reprodu\u00e7\u00e3o\/TV Cabo Branco De acordo com a Pol\u00edcia Civil, o motorista do transporte coletivo fugiu do local ap\u00f3s o atropelamento, mas foi preso em flagrante horas depois. Ele vai responder por homic\u00eddio doloso; quando h\u00e1 inten\u00e7\u00e3o de matar; e por les\u00e3o corporal contra duas pessoas.<\/p>\n<p>O motorista deve passar por audi\u00eancia de cust\u00f3dia na sexta-feira (23). A identidade dele n\u00e3o foi divulgada. Discuss\u00e3o de tr\u00e2nsito entre motorista de \u00f4nibus e motociclista termina com um morto e dois feridos, em Jo\u00e3o Pessoa Diogo Pinheiro\/TV Cabo Branco Antes da pris\u00e3o, o Sindicato das Empresas de Transporte Coletivo Urbano de Jo\u00e3o Pessoa (Sintur-JP) informou, em nota enviada ao g1, que n\u00e3o houve discuss\u00e3o.<\/p>\n<p>Segundo a entidade, com base no relato do condutor, o \u00f4nibus trafegava dentro do limite de velocidade da via quando o motociclista caiu \u00e0 frente do ve\u00edculo, sem possibilidade de evitar o atropelamento. Nesta sexta-feira (24), a Rede Para\u00edba solicitou um novo posicionamento ao sindicato, mas n\u00e3o recebeu resposta at\u00e9 a \u00faltima atualiza\u00e7\u00e3o desta reportagem.<\/p>\n<p>De acordo com o Hospital de Trauma de Jo\u00e3o Pessoa, uma das v\u00edtimas feridas, de 56 anos, recebeu alta na tarde da quinta-feira (23). A outra, de 29 anos, segue internada, com quadro de sa\u00fade est\u00e1vel. Pol\u00edcia Civil afirma que a\u00e7\u00e3o do motorista foi intencional Acidente com \u00f4nibus termina em morte de motociclista no Cui\u00e1 O delegado Douglas Garc\u00eda, que acompanhou as investiga\u00e7\u00f5es preliminares, afirma que caso se enquadra como homic\u00eddio doloso.<\/p>\n<p>Segundo ele, o \u00f4nibus &quot;foi utilizado como instrumento do crime&quot;. &quot;Conclu\u00edmos que n\u00e3o se tratava de um acidente de tr\u00e2nsito, tampouco um crime de tr\u00e2nsito, mas sim um homic\u00eddio doloso cujo ve\u00edculo, um \u00f4nibus foi utilizado como instrumento do crime. Ele foi autuado por homic\u00eddio doloso qualificado e duas les\u00f5es corporais na modalidade culposa&quot;, disse o delegado.<\/p>\n<p>A investiga\u00e7\u00e3o aponta que testemunhas foram ouvidas formalmente, al\u00e9m do pr\u00f3prio motorista. Segundo Douglas Garc\u00eda, no depoimento, o suspeito falou pouco. Ap\u00f3s a pris\u00e3o, ele foi encaminhado ao Instituto de Pol\u00edcia Cient\u00edfica da Para\u00edba (IPC), onde passou por exames. &quot;Analisando as imagens, antes mesmo da v\u00edtima conseguir efetuar o lan\u00e7amento dessa pedra, se de fato tratasse de uma pedra, o motorista desvia o seu ve\u00edculo e praticamente invade a cal\u00e7ada, atinge a v\u00edtima, atinge tamb\u00e9m a moto que estava estacionada&quot;, disse.<\/p>\n<p>O delegado tamb\u00e9m afirmou que pelas imagens, no entanto, n\u00e3o \u00e9 poss\u00edvel dizer se houve um arremesso de uma pedra no caso e nem quem teria arremessado o objeto. Passageiros estavam dentro do \u00f4nibus quando tudo aconteceu. Motociclista que morreu foi indentificado Matheus Souza, de 26 anos. Disucss\u00e3o aconteceu em Jo\u00e3o Pessoa Reprodu\u00e7\u00e3o No depoimento do motorista para a pol\u00edcia, Douglas Gar\u00edcia disse que o suspeito chegou a dizer que n\u00e3o sentiu algo batendo na dianteira do \u00f4nibus e que foi avisado somente pelos passageiros um tempo depois, quando houve uma &quot;gritaria&quot; dentro do ve\u00edculo.<\/p>\n<p>&quot;Existiam passageiros sim dentro do \u00f4nibus, inclusive, ele (motorista) disse que alguns passageiros come\u00e7aram a gritar para ele parar mas ele acabou seguindo. Primeiro ele disse que n\u00e3o sabia que tinha batido em algum lugar, em alguma pessoa, n\u00e3o sentiu nenhum impacto, o que causou estrenamento. Depois ele j\u00e1 disse que houve uma gritaria dentro do \u00f4nibus.<\/p>\n<p>A conversa dele estava desencontrada, isso chamou aten\u00e7\u00e3o da pol\u00edcia&quot;, explicou o delegado. Per\u00edcia foi realizada no local e no \u00f4nibus Frente do \u00f4nbius ap\u00f3s a situa\u00e7\u00e3o em Cui\u00e1, em Jo\u00e3o Pessoa Fl\u00e1vio Fernandes\/TV Cabo Branco Uma per\u00edcia foi realizada no local da morte pelo Instituto de Pol\u00edcia Cient\u00edfica da Para\u00edba (IPC-PB) e, de acordo com o perito Fabr\u00edcio Menezes, foi constatado que a v\u00edtima que acabou morrendo foi arrastada pelo \u00f4nibus por alguns metros.<\/p>\n<p>O \u00f4nibus passou por per\u00edcia posterior, j\u00e1 que o motorista do ve\u00edculo fugiu depois do ocorrido. Na per\u00edcia realizada no \u00f4nbus, o IPC encontrou resqu\u00edcios de massa encef\u00e1lica no pneu esquerdo traseiro do ve\u00edculo, al\u00e9m da lataria destru\u00edda na parte dianteira. Antes da investiga\u00e7\u00e3o aberta, preliminarmente a Pol\u00edcia Militar informou que testemunhas relataram que o desentendimento come\u00e7ou ap\u00f3s uma troca de acusa\u00e7\u00f5es entre os dois condutores.<\/p>\n","protected":false},"excerpt":{"rendered":"<p>V\u00eddeo mostra momento em que motorista de \u00f4nibus atropela motociclista, em Jo\u00e3o Pessoa Imagens de c\u00e2meras de seguran\u00e7a mostram o momento em que um motorista de \u00f4nibus, ap\u00f3s uma discuss\u00e3o no tr\u00e2nsito, atropela um motociclista, que morreu no local, na tarde da quinta-feira (23), no bairro do Cui\u00e1, na Zona Sul de Jo\u00e3o Pessoa. O [&hellip;]<\/p>\n","protected":false},"author":1,"featured_media":1501,"comment_status":"open","ping_status":"open","sticky":false,"template":"","format":"standard","meta":{"footnotes":""},"categories":[1],"tags":[],"class_list":["post-1500","post","type-post","status-publish","format-standard","has-post-thumbnail","hentry","category-brasil"],"_links":{"self":[{"href":"https:\/\/agoracariri.bops.com.br\/index.php?rest_route=\/wp\/v2\/posts\/1500","targetHints":{"allow":["GET"]}}],"collection":[{"href":"https:\/\/agoracariri.bops.com.br\/index.php?rest_route=\/wp\/v2\/posts"}],"about":[{"href":"https:\/\/agoracariri.bops.com.br\/index.php?rest_route=\/wp\/v2\/types\/post"}],"author":[{"embeddable":true,"href":"https:\/\/agoracariri.bops.com.br\/index.php?rest_route=\/wp\/v2\/users\/1"}],"replies":[{"embeddable":true,"href":"https:\/\/agoracariri.bops.com.br\/index.php?rest_route=%2Fwp%2Fv2%2Fcomments&post=1500"}],"version-history":[{"count":1,"href":"https:\/\/agoracariri.bops.com.br\/index.php?rest_route=\/wp\/v2\/posts\/1500\/revisions"}],"predecessor-version":[{"id":1521,"href":"https:\/\/agoracariri.bops.com.br\/index.php?rest_route=\/wp\/v2\/posts\/1500\/revisions\/1521"}],"wp:featuredmedia":[{"embeddable":true,"href":"https:\/\/agoracariri.bops.com.br\/index.php?rest_route=\/wp\/v2\/media\/1501"}],"wp:attachment":[{"href":"https:\/\/agoracariri.bops.com.br\/index.php?rest_route=%2Fwp%2Fv2%2Fmedia&parent=1500"}],"wp:term":[{"taxonomy":"category","embeddable":true,"href":"https:\/\/agoracariri.bops.com.br\/index.php?rest_route=%2Fwp%2Fv2%2Fcategories&post=1500"},{"taxonomy":"post_tag","embeddable":true,"href":"https:\/\/agoracariri.bops.com.br\/index.php?rest_route=%2Fwp%2Fv2%2Ftags&post=1500"}],"curies":[{"name":"wp","href":"https:\/\/api.w.org\/{rel}","templated":true}]}}