{"id":1498,"date":"2026-04-24T11:51:11","date_gmt":"2026-04-24T14:51:11","guid":{"rendered":"http:\/\/agoracariri.bops.com.br\/?p=1498"},"modified":"2026-04-24T11:51:11","modified_gmt":"2026-04-24T14:51:11","slug":"buscas-por-segundo-jovem-desaparecido-apos-mergulho-em-barragem-no-sertao-da-pb-sao-retomadas","status":"publish","type":"post","link":"https:\/\/agoracariri.bops.com.br\/?p=1498","title":{"rendered":"Buscas por segundo jovem desaparecido ap\u00f3s mergulho em barragem no Sert\u00e3o da PB s\u00e3o retomadas"},"content":{"rendered":"<p>Buscas por segundo jovem desaparecido ap\u00f3s mergulho em barragem \u00e9 suspenso, no Sert\u00e3o da PB Pol\u00edcia Militar da Para\u00edba As buscas pelo segundo jovem desaparecido em uma barragem em Bom Jesus, no Sert\u00e3o da Para\u00edba, foram retomadas no in\u00edcio da manh\u00e3 desta sexta-feira (24). A informa\u00e7\u00e3o foi confirmada pelo Corpo de Bombeiros.<\/p>\n<p>O desaparecido foi identificado como Jo\u00e3o Pedro, de 18 anos. Os bombeiros haviam suspendido as buscas na noite da quinta-feira (23) devido as m\u00e1s condi\u00e7\u00f5es visuais, mas retomaram o trabalho por volta das 4h40 da manh\u00e3 desta sexta (24). Bombeiros de Sousa, Catol\u00e9 do Rocha, Pombal e Itaporanga se deslocaram at\u00e9 o local para refor\u00e7ar a equipe de buscas.<\/p>\n<p>Ao presenciar a cena, Jo\u00e3o Pedro, que ainda est\u00e1 desaparecido, entrou na \u00e1gua para socorrer o amigo, mas tamb\u00e9m foi arrastado pela correnteza. A terceira pessoa, identificada como Eduardo Dias, relatou o ocorrido para as autoridades, e ficou ilesa. As buscas iniciais come\u00e7aram ainda na tarde desta quarta-feira, quando houve o desaparecimento.<\/p>\n","protected":false},"excerpt":{"rendered":"<p>Buscas por segundo jovem desaparecido ap\u00f3s mergulho em barragem \u00e9 suspenso, no Sert\u00e3o da PB Pol\u00edcia Militar da Para\u00edba As buscas pelo segundo jovem desaparecido em uma barragem em Bom Jesus, no Sert\u00e3o da Para\u00edba, foram retomadas no in\u00edcio da manh\u00e3 desta sexta-feira (24). A informa\u00e7\u00e3o foi confirmada pelo Corpo de Bombeiros. O desaparecido foi [&hellip;]<\/p>\n","protected":false},"author":1,"featured_media":1499,"comment_status":"open","ping_status":"open","sticky":false,"template":"","format":"standard","meta":{"footnotes":""},"categories":[1],"tags":[],"class_list":["post-1498","post","type-post","status-publish","format-standard","has-post-thumbnail","hentry","category-brasil"],"_links":{"self":[{"href":"https:\/\/agoracariri.bops.com.br\/index.php?rest_route=\/wp\/v2\/posts\/1498","targetHints":{"allow":["GET"]}}],"collection":[{"href":"https:\/\/agoracariri.bops.com.br\/index.php?rest_route=\/wp\/v2\/posts"}],"about":[{"href":"https:\/\/agoracariri.bops.com.br\/index.php?rest_route=\/wp\/v2\/types\/post"}],"author":[{"embeddable":true,"href":"https:\/\/agoracariri.bops.com.br\/index.php?rest_route=\/wp\/v2\/users\/1"}],"replies":[{"embeddable":true,"href":"https:\/\/agoracariri.bops.com.br\/index.php?rest_route=%2Fwp%2Fv2%2Fcomments&post=1498"}],"version-history":[{"count":1,"href":"https:\/\/agoracariri.bops.com.br\/index.php?rest_route=\/wp\/v2\/posts\/1498\/revisions"}],"predecessor-version":[{"id":1522,"href":"https:\/\/agoracariri.bops.com.br\/index.php?rest_route=\/wp\/v2\/posts\/1498\/revisions\/1522"}],"wp:featuredmedia":[{"embeddable":true,"href":"https:\/\/agoracariri.bops.com.br\/index.php?rest_route=\/wp\/v2\/media\/1499"}],"wp:attachment":[{"href":"https:\/\/agoracariri.bops.com.br\/index.php?rest_route=%2Fwp%2Fv2%2Fmedia&parent=1498"}],"wp:term":[{"taxonomy":"category","embeddable":true,"href":"https:\/\/agoracariri.bops.com.br\/index.php?rest_route=%2Fwp%2Fv2%2Fcategories&post=1498"},{"taxonomy":"post_tag","embeddable":true,"href":"https:\/\/agoracariri.bops.com.br\/index.php?rest_route=%2Fwp%2Fv2%2Ftags&post=1498"}],"curies":[{"name":"wp","href":"https:\/\/api.w.org\/{rel}","templated":true}]}}