{"id":1493,"date":"2026-04-24T08:42:00","date_gmt":"2026-04-24T11:42:00","guid":{"rendered":"http:\/\/agoracariri.bops.com.br\/?p=1493"},"modified":"2026-04-24T08:42:00","modified_gmt":"2026-04-24T11:42:00","slug":"municipio-de-sume-conquista-premio-do-sebrae-prefeitura-empreendedora","status":"publish","type":"post","link":"https:\/\/agoracariri.bops.com.br\/?p=1493","title":{"rendered":"Munic\u00edpio de Sum\u00e9 conquista Pr\u00eamio do Sebrae \u2013 Prefeitura Empreendedora"},"content":{"rendered":"<p>A Prefeitura de Sum\u00e9 foi reconhecida com o Pr\u00eamio Prefeitura Empreendedora, concedido pelo Servi\u00e7o Brasileiro de Apoio \u00e0s Micro e Pequenas Empresas (Sebrae\/PB). O munic\u00edpio alcan\u00e7ou a segunda coloca\u00e7\u00e3o estadual na categoria Governan\u00e7a Inovadora, destacando-se entre diversas iniciativas p\u00fablicas voltadas ao fortalecimento do empreendedorismo na Para\u00edba.<\/p>\n<p>A premia\u00e7\u00e3o foi conquistada com o Projeto Sum\u00e9 Hub de Neg\u00f3cios, uma iniciativa gerenciada pela Administra\u00e7\u00e3o do Sum\u00e9 Shopping e articulada com as a\u00e7\u00f5es da Sala do Empreendedor do Munic\u00edpio. O projeto re\u00fane, de forma integrada, estrat\u00e9gias voltadas ao desenvolvimento econ\u00f4mico local, conduzidas por um modelo de gest\u00e3o unificada sob a coordena\u00e7\u00e3o do Agente Municipal de Inova\u00e7\u00e3o.<\/p>\n<p>Entre as principais a\u00e7\u00f5es desenvolvidas est\u00e3o o incentivo ao empreendedorismo, a produ\u00e7\u00e3o de conte\u00fado por meio de podcast empreendedor, a implementa\u00e7\u00e3o de pr\u00e1ticas de governan\u00e7a corporativa e a promo\u00e7\u00e3o de parcerias p\u00fablico-privadas. Essas iniciativas s\u00e3o realizadas em conjunto com l\u00edderes comerciais e t\u00eam como principal espa\u00e7o de execu\u00e7\u00e3o o Sum\u00e9 Shopping, consolidando o local como um ambiente de fomento \u00e0 inova\u00e7\u00e3o e aos neg\u00f3cios.<\/p>\n<p>O Sum\u00e9 Hub de Neg\u00f3cios tamb\u00e9m amplia sua atua\u00e7\u00e3o para outros equipamentos p\u00fablicos do munic\u00edpio, promovendo uma atua\u00e7\u00e3o planejada e estrat\u00e9gica. A integra\u00e7\u00e3o das a\u00e7\u00f5es permite maior efici\u00eancia na execu\u00e7\u00e3o das pol\u00edticas p\u00fablicas, fortalecendo o conceito de uma gest\u00e3o p\u00fablica empreendedora, moderna e orientada a resultados.<\/p>\n<p>O prefeito do munic\u00edpio, Manezinho Louren\u00e7o, destacou a import\u00e2ncia da conquista para Sum\u00e9. \u201cEsse reconhecimento do Sebrae reafirma que estamos no caminho certo, investindo em inova\u00e7\u00e3o, planejamento e, principalmente, nas pessoas que empreendem em nossa cidade. O Sum\u00e9 Hub de Neg\u00f3cios \u00e9 um exemplo de como a gest\u00e3o p\u00fablica pode atuar como facilitadora do desenvolvimento econ\u00f4mico\u201d,<\/p>\n<p>A secret\u00e1ria municipal de Administra\u00e7\u00e3o, Nova Duarte, tamb\u00e9m ressaltou o impacto das a\u00e7\u00f5es integradas. \u201cTrabalhamos com uma vis\u00e3o estrat\u00e9gica e unificada, buscando otimizar recursos e potencializar resultados. Esse pr\u00eamio demonstra que a integra\u00e7\u00e3o entre setores e o fortalecimento da governan\u00e7a s\u00e3o fundamentais para impulsionar o empreendedorismo local\u201d.<\/p>\n<p>O coordenador do Sum\u00e9 Hub de Neg\u00f3cios, Williams Martinho, enfatizou o papel da inova\u00e7\u00e3o na gest\u00e3o p\u00fablica. \u201cO Hub nasce com a miss\u00e3o de conectar ideias, pessoas e oportunidades. Estamos construindo um ambiente favor\u00e1vel ao empreendedorismo, com a\u00e7\u00f5es planejadas e foco em resultados concretos. Esse reconhecimento \u00e9 fruto de um trabalho coletivo e de uma gest\u00e3o comprometida com a inova\u00e7\u00e3o alinhada ao Ecossistema Local de Inova\u00e7\u00e3o do Cariri\u201d.<\/p>\n<p>A conquista refor\u00e7a o protagonismo de Sum\u00e9 no cen\u00e1rio estadual, consolidando o munic\u00edpio como refer\u00eancia em pol\u00edticas p\u00fablicas inovadoras e no incentivo ao empreendedorismo.<\/p>\n<p>De Olho no Cariri<\/p>\n<p>Com blogdobrunolira<\/p>\n<p>O post Munic\u00edpio de Sum\u00e9 conquista Pr\u00eamio do Sebrae \u2013 Prefeitura Empreendedora apareceu primeiro em De Olho no Cariri.<\/p>\n","protected":false},"excerpt":{"rendered":"<p>A Prefeitura de Sum\u00e9 foi reconhecida com o Pr\u00eamio Prefeitura Empreendedora, concedido pelo Servi\u00e7o Brasileiro de Apoio \u00e0s Micro e Pequenas Empresas (Sebrae\/PB). O munic\u00edpio alcan\u00e7ou a segunda coloca\u00e7\u00e3o estadual na categoria Governan\u00e7a Inovadora, destacando-se entre diversas iniciativas p\u00fablicas voltadas ao fortalecimento do empreendedorismo na Para\u00edba. A premia\u00e7\u00e3o foi conquistada com o Projeto Sum\u00e9 Hub [&hellip;]<\/p>\n","protected":false},"author":1,"featured_media":0,"comment_status":"open","ping_status":"open","sticky":false,"template":"","format":"standard","meta":{"footnotes":""},"categories":[1],"tags":[],"class_list":["post-1493","post","type-post","status-publish","format-standard","hentry","category-brasil"],"_links":{"self":[{"href":"https:\/\/agoracariri.bops.com.br\/index.php?rest_route=\/wp\/v2\/posts\/1493","targetHints":{"allow":["GET"]}}],"collection":[{"href":"https:\/\/agoracariri.bops.com.br\/index.php?rest_route=\/wp\/v2\/posts"}],"about":[{"href":"https:\/\/agoracariri.bops.com.br\/index.php?rest_route=\/wp\/v2\/types\/post"}],"author":[{"embeddable":true,"href":"https:\/\/agoracariri.bops.com.br\/index.php?rest_route=\/wp\/v2\/users\/1"}],"replies":[{"embeddable":true,"href":"https:\/\/agoracariri.bops.com.br\/index.php?rest_route=%2Fwp%2Fv2%2Fcomments&post=1493"}],"version-history":[{"count":1,"href":"https:\/\/agoracariri.bops.com.br\/index.php?rest_route=\/wp\/v2\/posts\/1493\/revisions"}],"predecessor-version":[{"id":1494,"href":"https:\/\/agoracariri.bops.com.br\/index.php?rest_route=\/wp\/v2\/posts\/1493\/revisions\/1494"}],"wp:attachment":[{"href":"https:\/\/agoracariri.bops.com.br\/index.php?rest_route=%2Fwp%2Fv2%2Fmedia&parent=1493"}],"wp:term":[{"taxonomy":"category","embeddable":true,"href":"https:\/\/agoracariri.bops.com.br\/index.php?rest_route=%2Fwp%2Fv2%2Fcategories&post=1493"},{"taxonomy":"post_tag","embeddable":true,"href":"https:\/\/agoracariri.bops.com.br\/index.php?rest_route=%2Fwp%2Fv2%2Ftags&post=1493"}],"curies":[{"name":"wp","href":"https:\/\/api.w.org\/{rel}","templated":true}]}}