{"id":1492,"date":"2026-04-24T08:51:06","date_gmt":"2026-04-24T11:51:06","guid":{"rendered":"http:\/\/agoracariri.bops.com.br\/?p=1492"},"modified":"2026-04-24T08:51:06","modified_gmt":"2026-04-24T11:51:06","slug":"prefeito-de-parari-genival-queiroz-se-reune-com-joao-azevedo-e-reafirma-apoio-ao-senado","status":"publish","type":"post","link":"https:\/\/agoracariri.bops.com.br\/?p=1492","title":{"rendered":"Prefeito de Parari, Genival Queiroz, se re\u00fane com Jo\u00e3o Azev\u00eado e reafirma apoio ao Senado"},"content":{"rendered":"<p>O prefeito de Parari, Genival Queiroz, esteve reunido com o ex-governador da Para\u00edba e pr\u00e9-candidato ao Senado, Jo\u00e3o Azev\u00eado, em um encontro marcado pelo fortalecimento de parcerias pol\u00edticas e institucionais.<\/p>\n<p>Na oportunidade, Genival agradeceu o apoio recebido ao longo dos \u00faltimos anos, destacando a destina\u00e7\u00e3o de obras, investimentos e recursos que contribu\u00edram diretamente para o desenvolvimento do munic\u00edpio de Parari. Segundo o gestor, a parceria com o ex-governador foi fundamental para a realiza\u00e7\u00e3o de importantes a\u00e7\u00f5es na cidade.<\/p>\n<p>Durante a reuni\u00e3o, o prefeito tamb\u00e9m reafirmou seu apoio \u00e0 pr\u00e9-candidatura de Jo\u00e3o Azev\u00eado ao Senado Federal, ressaltando a confian\u00e7a no trabalho e na continuidade de projetos que possam beneficiar n\u00e3o apenas Parari, mas toda a regi\u00e3o do Cariri paraibano.<\/p>\n<p>Assessoria<\/p>\n<p>O post Prefeito de Parari, Genival Queiroz, se re\u00fane com Jo\u00e3o Azev\u00eado e reafirma apoio ao Senado apareceu primeiro em De Olho no Cariri.<\/p>\n","protected":false},"excerpt":{"rendered":"<p>O prefeito de Parari, Genival Queiroz, esteve reunido com o ex-governador da Para\u00edba e pr\u00e9-candidato ao Senado, Jo\u00e3o Azev\u00eado, em um encontro marcado pelo fortalecimento de parcerias pol\u00edticas e institucionais. Na oportunidade, Genival agradeceu o apoio recebido ao longo dos \u00faltimos anos, destacando a destina\u00e7\u00e3o de obras, investimentos e recursos que contribu\u00edram diretamente para o [&hellip;]<\/p>\n","protected":false},"author":1,"featured_media":0,"comment_status":"open","ping_status":"open","sticky":false,"template":"","format":"standard","meta":{"footnotes":""},"categories":[1],"tags":[],"class_list":["post-1492","post","type-post","status-publish","format-standard","hentry","category-brasil"],"_links":{"self":[{"href":"https:\/\/agoracariri.bops.com.br\/index.php?rest_route=\/wp\/v2\/posts\/1492","targetHints":{"allow":["GET"]}}],"collection":[{"href":"https:\/\/agoracariri.bops.com.br\/index.php?rest_route=\/wp\/v2\/posts"}],"about":[{"href":"https:\/\/agoracariri.bops.com.br\/index.php?rest_route=\/wp\/v2\/types\/post"}],"author":[{"embeddable":true,"href":"https:\/\/agoracariri.bops.com.br\/index.php?rest_route=\/wp\/v2\/users\/1"}],"replies":[{"embeddable":true,"href":"https:\/\/agoracariri.bops.com.br\/index.php?rest_route=%2Fwp%2Fv2%2Fcomments&post=1492"}],"version-history":[{"count":1,"href":"https:\/\/agoracariri.bops.com.br\/index.php?rest_route=\/wp\/v2\/posts\/1492\/revisions"}],"predecessor-version":[{"id":1495,"href":"https:\/\/agoracariri.bops.com.br\/index.php?rest_route=\/wp\/v2\/posts\/1492\/revisions\/1495"}],"wp:attachment":[{"href":"https:\/\/agoracariri.bops.com.br\/index.php?rest_route=%2Fwp%2Fv2%2Fmedia&parent=1492"}],"wp:term":[{"taxonomy":"category","embeddable":true,"href":"https:\/\/agoracariri.bops.com.br\/index.php?rest_route=%2Fwp%2Fv2%2Fcategories&post=1492"},{"taxonomy":"post_tag","embeddable":true,"href":"https:\/\/agoracariri.bops.com.br\/index.php?rest_route=%2Fwp%2Fv2%2Ftags&post=1492"}],"curies":[{"name":"wp","href":"https:\/\/api.w.org\/{rel}","templated":true}]}}