{"id":1491,"date":"2026-04-24T10:30:00","date_gmt":"2026-04-24T13:30:00","guid":{"rendered":"http:\/\/agoracariri.bops.com.br\/?p=1491"},"modified":"2026-04-24T10:30:00","modified_gmt":"2026-04-24T13:30:00","slug":"prefeitura-paraibana-lanca-edital-de-concurso-com-quase-100-vagas-e-salarios-de-ate-r-14-mil","status":"publish","type":"post","link":"https:\/\/agoracariri.bops.com.br\/?p=1491","title":{"rendered":"Prefeitura paraibana lan\u00e7a edital de concurso com quase 100 vagas e sal\u00e1rios de at\u00e9 R$ 14 mil"},"content":{"rendered":"<p>A Prefeitura de Aroeiras, no Agreste da Para\u00edba, publicou, nesta quinta-feira (23), um edital de concurso com 99 vagas para cargos de n\u00edveis fundamental, m\u00e9dio, t\u00e9cnico e superior. Os sal\u00e1rios variam de R$ 1.621 a R$ 14 mil. Veja distribui\u00e7\u00e3o das vagas mais abaixo.<\/p>\n<p>Os candidatos interessados podem se inscrever a partir de sexta-feira (24), por meio do site da banca organizadora do concurso, a Funda\u00e7\u00e3o Vale do Piau\u00ed (Funvapi). O prazo de inscri\u00e7\u00e3o se encerra em 24 de maio.<\/p>\n<p>As taxas de inscri\u00e7\u00e3o variam de acordo com o n\u00edvel do cargo pretendido, sendo R$ 53,70 para o n\u00edvel fundamental, R$ 63,70 para o m\u00e9dio e R$ 103,70 para o superior. O pagamento da taxa poder\u00e1 ser feito at\u00e9 25 de maio.<\/p>\n<p>Os candidatos inscritos no Cad\u00danico (hipossuficientes), doadores de medula \u00f3ssea e doadores regulares de sangue poder\u00e3o solicitar a isen\u00e7\u00e3o da taxa. Para esses casos, o pedido de isen\u00e7\u00e3o poder\u00e1 ser feito entre os dias 24 e 27 de abril.<\/p>\n<p>Os candidatos podem consultar o edital publicado no site da banca organizadora, que detalha os crit\u00e9rios de sele\u00e7\u00e3o, data, hor\u00e1rio da prova objetiva e exig\u00eancias para os cargos.<\/p>\n<p>Vagas dispon\u00edveis<\/p>\n<p>Professor de Ensino Fundamental I (1\u00ba ao 5\u00ba Ano e Educa\u00e7\u00e3o Infantil): 10 vagas<\/p>\n<p>Assistente Social: 2 vagas<\/p>\n<p>Cirurgi\u00e3o Dentista: 2 vagas<\/p>\n<p>Enfermeiro: 2 vagas<\/p>\n<p>Fonoaudi\u00f3logo: 2 vagas<\/p>\n<p>Arquiteto: 1 vaga<\/p>\n<p>Analista de Comunica\u00e7\u00e3o Social: 1 vaga<\/p>\n<p>Advogado do CREAS: 1 vaga<\/p>\n<p>Biom\u00e9dico Plantonista: 1 vaga<\/p>\n<p>Endodontista: 1 vaga<\/p>\n<p>Enfermeiro Plantonista: 1 vaga<\/p>\n<p>Engenheiro Agr\u00f4nomo: 1 vaga<\/p>\n<p>Farmac\u00eautico Plantonista: 1 vaga<\/p>\n<p>M\u00e9dico Cardiologista: 1 vaga<\/p>\n<p>M\u00e9dico Cl\u00ednico Geral: 1 vaga<\/p>\n<p>M\u00e9dico Endocrinologista: 1 vaga<\/p>\n<p>M\u00e9dico Neurologista: 1 vaga<\/p>\n<p>M\u00e9dico Pediatra: 1 vaga<\/p>\n<p>M\u00e9dico Radiologista: 1 vaga<\/p>\n<p>M\u00e9dico Urologista: 1 vaga<\/p>\n<p>M\u00e9dico Veterin\u00e1rio: 1 vaga<\/p>\n<p>Nutricionista: 1 vaga<\/p>\n<p>Professores de Ensino Fundamental II \u2013 L\u00edngua Portuguesa: 1 vaga<\/p>\n<p>Professores de Ensino Fundamental II \u2013 Matem\u00e1tica: 1 vaga<\/p>\n<p>Professores de Ensino Fundamental II \u2013 Educa\u00e7\u00e3o F\u00edsica: 1 vaga<\/p>\n<p>Professores de Ensino Fundamental II \u2013 Hist\u00f3ria: 1 vaga<\/p>\n<p>Professores de Ensino Fundamental II \u2013 Geografia: 1 vaga<\/p>\n<p>Professores de Ensino Fundamental II \u2013 Ci\u00eancias: 1vaga<\/p>\n<p>Professores de Ensino Fundamental II \u2013 Ingl\u00eas: 1 vaga<\/p>\n<p>Professores de Ensino Fundamental II \u2013 Artes: 1 vaga<\/p>\n<p>Professores de Ensino Fundamental II \u2013 Ensino Religioso: 1 vaga<\/p>\n<p>Professores de Ensino Fundamental II \u2013 Espanhol: 1 vaga<\/p>\n<p>Professores de Ensino Fundamental II \u2013 \u00c9tica: 1 vaga<\/p>\n<p>Psic\u00f3logo Educacional: 1 vaga<\/p>\n<p>Psic\u00f3logo: 1 vaga<\/p>\n<p>Psicopedagogo: 1 vaga<\/p>\n<p>Terapeuta Ocupacional: 1 vaga<\/p>\n<p>N\u00edvel M\u00e9dio e T\u00e9cnico<\/p>\n<p>Agente Administrativo: 4 vagas<\/p>\n<p>Agente Comunit\u00e1rio de Sa\u00fade (ACS): 3 vagas (sendo 01 para o Bairro Torres, 01 para o Conjunto CEHAP e 01 para o S\u00edtio Ponciano)<\/p>\n<p>Fiscal de Vigil\u00e2ncia Sanit\u00e1ria e Ambiental: 1 vaga<\/p>\n<p>Mec\u00e2nico: 1 vaga<\/p>\n<p>T\u00e9cnico de Laborat\u00f3rio: 1 vaga<\/p>\n<p>T\u00e9cnico do Trabalho: 1 vaga<\/p>\n<p>T\u00e9cnico em Radiologia: 1 vaga<\/p>\n<p>N\u00edvel Fundamental (Incompleto)<\/p>\n<p>Auxiliar de Servi\u00e7os Gerais: 20 vagas<\/p>\n<p>Auxiliar de Servi\u00e7os Gerais (Limpeza Urbana): 10 vagas<\/p>\n<p>Motorista Categoria B: 2 vagas<\/p>\n<p>Motorista Categoria D: 2 vagas<\/p>\n<p>Motorista de Transporte Escolar: 2 vagas<\/p>\n<p>Operador de M\u00e1quina Motoniveladora: 1 vaga<\/p>\n<p>Etapas do concurso<\/p>\n<p>O certame ser\u00e1 feito em duas etapas. A primeira ser\u00e1 a prova objetiva, que deve ser feita por todos os candidatos. J\u00e1 a segunda etapa ser\u00e1 a prova de t\u00edtulos, fase espec\u00edfica para os candidatos \u00e0s vagas para professor.<\/p>\n<p>Concurso da Prefeitura de Aroeiras<\/p>\n<p>Vagas: 99 vagas<\/p>\n<p>N\u00edvel: n\u00edvel m\u00e9dio, t\u00e9cnico e superior<\/p>\n<p>Sal\u00e1rio: R$ 1.621,00 a R$ 14 mil<\/p>\n<p>Inscri\u00e7\u00f5es: 24 de abril a 24 de maio<\/p>\n<p>Provas objetivas: 14 de junho de 2026<\/p>\n<p>Resultado final: 16 de julho de 2026<\/p>\n<p>Edital do Concurso da Prefeitura de Aroeiras<\/p>\n<p>Com Jornal da Para\u00edba<\/p>\n<p>O post Prefeitura paraibana lan\u00e7a edital de concurso com quase 100 vagas e sal\u00e1rios de at\u00e9 R$ 14 mil apareceu primeiro em De Olho no Cariri.<\/p>\n","protected":false},"excerpt":{"rendered":"<p>A Prefeitura de Aroeiras, no Agreste da Para\u00edba, publicou, nesta quinta-feira (23), um edital de concurso com 99 vagas para cargos de n\u00edveis fundamental, m\u00e9dio, t\u00e9cnico e superior. Os sal\u00e1rios variam de R$ 1.621 a R$ 14 mil. Veja distribui\u00e7\u00e3o das vagas mais abaixo. Os candidatos interessados podem se inscrever a partir de sexta-feira (24), [&hellip;]<\/p>\n","protected":false},"author":1,"featured_media":0,"comment_status":"open","ping_status":"open","sticky":false,"template":"","format":"standard","meta":{"footnotes":""},"categories":[1],"tags":[],"class_list":["post-1491","post","type-post","status-publish","format-standard","hentry","category-brasil"],"_links":{"self":[{"href":"https:\/\/agoracariri.bops.com.br\/index.php?rest_route=\/wp\/v2\/posts\/1491","targetHints":{"allow":["GET"]}}],"collection":[{"href":"https:\/\/agoracariri.bops.com.br\/index.php?rest_route=\/wp\/v2\/posts"}],"about":[{"href":"https:\/\/agoracariri.bops.com.br\/index.php?rest_route=\/wp\/v2\/types\/post"}],"author":[{"embeddable":true,"href":"https:\/\/agoracariri.bops.com.br\/index.php?rest_route=\/wp\/v2\/users\/1"}],"replies":[{"embeddable":true,"href":"https:\/\/agoracariri.bops.com.br\/index.php?rest_route=%2Fwp%2Fv2%2Fcomments&post=1491"}],"version-history":[{"count":1,"href":"https:\/\/agoracariri.bops.com.br\/index.php?rest_route=\/wp\/v2\/posts\/1491\/revisions"}],"predecessor-version":[{"id":1505,"href":"https:\/\/agoracariri.bops.com.br\/index.php?rest_route=\/wp\/v2\/posts\/1491\/revisions\/1505"}],"wp:attachment":[{"href":"https:\/\/agoracariri.bops.com.br\/index.php?rest_route=%2Fwp%2Fv2%2Fmedia&parent=1491"}],"wp:term":[{"taxonomy":"category","embeddable":true,"href":"https:\/\/agoracariri.bops.com.br\/index.php?rest_route=%2Fwp%2Fv2%2Fcategories&post=1491"},{"taxonomy":"post_tag","embeddable":true,"href":"https:\/\/agoracariri.bops.com.br\/index.php?rest_route=%2Fwp%2Fv2%2Ftags&post=1491"}],"curies":[{"name":"wp","href":"https:\/\/api.w.org\/{rel}","templated":true}]}}