{"id":1490,"date":"2026-04-24T10:36:56","date_gmt":"2026-04-24T13:36:56","guid":{"rendered":"http:\/\/agoracariri.bops.com.br\/?p=1490"},"modified":"2026-04-24T10:36:56","modified_gmt":"2026-04-24T13:36:56","slug":"boa-vista-amplia-acesso-a-medicamentos-com-parceria-entre-farmacia-basica-e-farmacia-especializada-da-paraiba","status":"publish","type":"post","link":"https:\/\/agoracariri.bops.com.br\/?p=1490","title":{"rendered":"Boa Vista amplia acesso a medicamentos com parceria entre Farm\u00e1cia B\u00e1sica e Farm\u00e1cia Especializada da Para\u00edba"},"content":{"rendered":"<p>A Prefeitura de Boa Vista deu mais um passo importante no fortalecimento da sa\u00fade p\u00fablica ao oficializar a parceria entre a Farm\u00e1cia B\u00e1sica do munic\u00edpio e a Farm\u00e1cia Especializada da Para\u00edba. A novidade formalizada ontem (22) dentro das comemora\u00e7\u00f5es pelos 32 anos de emancipa\u00e7\u00e3o pol\u00edtica, representa um avan\u00e7o significativo no cuidado e aten\u00e7\u00e3o \u00e0 sa\u00fade da popula\u00e7\u00e3o.<\/p>\n<p>A a\u00e7\u00e3o facilita o acesso dos pacientes aos medicamentos especializados, que antes tinham de ir busc\u00e1-los em Campina Grande. \u201cCom isso, usu\u00e1rios que dependem de tratamentos cont\u00ednuos passam a contar com mais agilidade, organiza\u00e7\u00e3o e comodidade no recebimento dos seus medicamentos, sem a necessidade de deslocamentos maiores\u201d, disse a secret\u00e1ria de Sa\u00fade de Boa Vista, Isolda Soares.<\/p>\n<p>De acordo com o prefeito Fernando Aires, a medida demonstra o trabalho da gest\u00e3o municipal com os servi\u00e7os p\u00fablicos, apostando na integra\u00e7\u00e3o entre munic\u00edpio e Estado como um dos caminhos para ampliar o atendimento e fortalecer a rede de sa\u00fade. \u201cA uni\u00e3o de esfor\u00e7os entre as equipes envolvidas demonstra que planejamento e parceria s\u00e3o fundamentais para garantir resultados concretos na vida da popula\u00e7\u00e3o. Estamos sempre buscando implantar mudan\u00e7as que impactam de forma positiva diretamente a qualidade de vida dos pacientes, promovendo mais dignidade e cuidado no acesso \u00e0 sa\u00fade\u201d.<\/p>\n<p>A parceria permite que a Farm\u00e1cia B\u00e1sica do munic\u00edpio atue diretamente no processo de retirada e distribui\u00e7\u00e3o dos medicamentos, garantindo mais efici\u00eancia no fluxo de atendimento e contribuindo para a continuidade dos tratamentos.<\/p>\n<p>Na solenidade tamb\u00e9m estiveram presentes a diretora da farm\u00e1cia b\u00e1sica de Boa Vista, Tayonara Batista, a coordenadora da Farm\u00e1cia Especializada do Estado em Campina Grande, Priscila Freire, al\u00e9m do vereador Fred Almeida e secret\u00e1rios municipais.<\/p>\n<p>O post Boa Vista amplia acesso a medicamentos com parceria entre Farm\u00e1cia B\u00e1sica e Farm\u00e1cia Especializada da Para\u00edba apareceu primeiro em De Olho no Cariri.<\/p>\n","protected":false},"excerpt":{"rendered":"<p>A Prefeitura de Boa Vista deu mais um passo importante no fortalecimento da sa\u00fade p\u00fablica ao oficializar a parceria entre a Farm\u00e1cia B\u00e1sica do munic\u00edpio e a Farm\u00e1cia Especializada da Para\u00edba. A novidade formalizada ontem (22) dentro das comemora\u00e7\u00f5es pelos 32 anos de emancipa\u00e7\u00e3o pol\u00edtica, representa um avan\u00e7o significativo no cuidado e aten\u00e7\u00e3o \u00e0 sa\u00fade [&hellip;]<\/p>\n","protected":false},"author":1,"featured_media":0,"comment_status":"open","ping_status":"open","sticky":false,"template":"","format":"standard","meta":{"footnotes":""},"categories":[1],"tags":[],"class_list":["post-1490","post","type-post","status-publish","format-standard","hentry","category-brasil"],"_links":{"self":[{"href":"https:\/\/agoracariri.bops.com.br\/index.php?rest_route=\/wp\/v2\/posts\/1490","targetHints":{"allow":["GET"]}}],"collection":[{"href":"https:\/\/agoracariri.bops.com.br\/index.php?rest_route=\/wp\/v2\/posts"}],"about":[{"href":"https:\/\/agoracariri.bops.com.br\/index.php?rest_route=\/wp\/v2\/types\/post"}],"author":[{"embeddable":true,"href":"https:\/\/agoracariri.bops.com.br\/index.php?rest_route=\/wp\/v2\/users\/1"}],"replies":[{"embeddable":true,"href":"https:\/\/agoracariri.bops.com.br\/index.php?rest_route=%2Fwp%2Fv2%2Fcomments&post=1490"}],"version-history":[{"count":1,"href":"https:\/\/agoracariri.bops.com.br\/index.php?rest_route=\/wp\/v2\/posts\/1490\/revisions"}],"predecessor-version":[{"id":1506,"href":"https:\/\/agoracariri.bops.com.br\/index.php?rest_route=\/wp\/v2\/posts\/1490\/revisions\/1506"}],"wp:attachment":[{"href":"https:\/\/agoracariri.bops.com.br\/index.php?rest_route=%2Fwp%2Fv2%2Fmedia&parent=1490"}],"wp:term":[{"taxonomy":"category","embeddable":true,"href":"https:\/\/agoracariri.bops.com.br\/index.php?rest_route=%2Fwp%2Fv2%2Fcategories&post=1490"},{"taxonomy":"post_tag","embeddable":true,"href":"https:\/\/agoracariri.bops.com.br\/index.php?rest_route=%2Fwp%2Fv2%2Ftags&post=1490"}],"curies":[{"name":"wp","href":"https:\/\/api.w.org\/{rel}","templated":true}]}}