{"id":1488,"date":"2026-04-24T10:39:36","date_gmt":"2026-04-24T13:39:36","guid":{"rendered":"http:\/\/agoracariri.bops.com.br\/?p=1488"},"modified":"2026-04-24T10:39:36","modified_gmt":"2026-04-24T13:39:36","slug":"governo-propoe-baixar-preco-de-combustiveis-com-receita-do-petroleo","status":"publish","type":"post","link":"https:\/\/agoracariri.bops.com.br\/?p=1488","title":{"rendered":"Governo prop\u00f5e baixar pre\u00e7o de combust\u00edveis com receita do petr\u00f3leo"},"content":{"rendered":"<p>O governo do presidente Luiz In\u00e1cio Lula da Silva apresentou ao Congresso Nacional um projeto de lei que permite reduzir impostos sobre combust\u00edveis sempre que houver aumento extraordin\u00e1rio na arrecada\u00e7\u00e3o com petr\u00f3leo.<\/p>\n<p>A medida tenta amortecer, no mercado interno, os efeitos da disparada internacional do barril em meio \u00e0 guerra no Oriente M\u00e9dio.<\/p>\n<p>A proposta prev\u00ea a redu\u00e7\u00e3o de PIS\/Cofins sobre gasolina, etanol, diesel e biodiesel, com base no excedente de receitas geradas por royalties e pela comercializa\u00e7\u00e3o de petr\u00f3leo.<\/p>\n<p>Na pr\u00e1tica, o governo quer transformar parte desse ganho fiscal em al\u00edvio direto ao consumidor.<\/p>\n<p>Hoje, a gasolina \u00e9 o principal foco da iniciativa. O combust\u00edvel ainda concentra cerca de R$ 0,47 por litro em tributos federais, enquanto diesel e biodiesel j\u00e1 est\u00e3o temporariamente desonerados.<\/p>\n<p>Segundo estimativas do Minist\u00e9rio do Planejamento, cada redu\u00e7\u00e3o de R$ 0,10 no imposto da gasolina teria impacto de aproximadamente R$ 800 milh\u00f5es ao longo de um ano.<\/p>\n<p>Apesar disso, a equipe econ\u00f4mica indica que eventuais cortes ser\u00e3o parciais e tempor\u00e1rios, com dura\u00e7\u00e3o inicial limitada, possivelmente de dois meses, e condicionados \u00e0 confirma\u00e7\u00e3o de receitas adicionais.<\/p>\n<p>Depend\u00eancia do Congresso e desenho legal<\/p>\n<p>Embora o governo tenha margem para alterar tributos por decreto em determinadas situa\u00e7\u00f5es, o modelo proposto exige mudan\u00e7a na legisla\u00e7\u00e3o ao vincular uma fonte espec\u00edfica de arrecada\u00e7\u00e3o a um uso determinado. Por isso, a medida precisa ser aprovada pelo Congresso.<\/p>\n<p>A articula\u00e7\u00e3o pol\u00edtica j\u00e1 est\u00e1 em curso, com a inten\u00e7\u00e3o de acelerar a tramita\u00e7\u00e3o diante da press\u00e3o inflacion\u00e1ria dos combust\u00edveis.<\/p>\n<p>Guerra pressiona pre\u00e7os e cria dilema fiscal<\/p>\n<p>A iniciativa ocorre em um cen\u00e1rio de forte instabilidade no mercado global de energia. A intensifica\u00e7\u00e3o do conflito no Oriente M\u00e9dio elevou o pre\u00e7o do petr\u00f3leo, afetando diretamente os custos de combust\u00edveis no mundo.<\/p>\n<p>Para o Brasil, que \u00e9 produtor e exportador, esse movimento tem efeito amb\u00edguo: ao mesmo tempo em que amplia a arrecada\u00e7\u00e3o p\u00fablica, pressiona pre\u00e7os dom\u00e9sticos e eleva o custo de vida.<\/p>\n<p>Pacote mais amplo inclui subs\u00eddios<\/p>\n<p>A proposta se soma a um conjunto de medidas j\u00e1 adotadas pelo governo, como subs\u00eddios ao diesel e ao g\u00e1s de cozinha e a abertura de linhas de cr\u00e9dito para o setor a\u00e9reo.<\/p>\n<p>O custo dessas a\u00e7\u00f5es pode chegar a R$ 31 bilh\u00f5es no ano, segundo estimativas oficiais.<\/p>\n<p>Paralelo com 2022 e impacto eleitoral<\/p>\n<p>A estrat\u00e9gia remete, em parte, \u00e0s iniciativas do governo de Jair Bolsonaro em 2022, quando a alta dos combust\u00edveis levou \u00e0 redu\u00e7\u00e3o de tributos em meio ao ciclo eleitoral.<\/p>\n<p>A diferen\u00e7a, agora, est\u00e1 na tentativa de atrelar o al\u00edvio fiscal a receitas extraordin\u00e1rias, numa tentativa de reduzir o impacto sobre as contas p\u00fablicas.<\/p>\n<p>A poucos meses das elei\u00e7\u00f5es, a medida tamb\u00e9m tem peso pol\u00edtico.<\/p>\n<p>Para especialistas, ela pode ajudar a conter a infla\u00e7\u00e3o no curto prazo, mas levanta d\u00favidas sobre sua sustentabilidade e alcance em um cen\u00e1rio de volatilidade internacional.<\/p>\n<p>O sucesso da proposta depender\u00e1 da aprova\u00e7\u00e3o no Congresso e da evolu\u00e7\u00e3o dos pre\u00e7os do petr\u00f3leo, dois fatores que permanecem incertos.<\/p>\n<p>Veja<\/p>\n<p>O post Governo prop\u00f5e baixar pre\u00e7o de combust\u00edveis com receita do petr\u00f3leo apareceu primeiro em De Olho no Cariri.<\/p>\n","protected":false},"excerpt":{"rendered":"<p>O governo do presidente Luiz In\u00e1cio Lula da Silva apresentou ao Congresso Nacional um projeto de lei que permite reduzir impostos sobre combust\u00edveis sempre que houver aumento extraordin\u00e1rio na arrecada\u00e7\u00e3o com petr\u00f3leo. A medida tenta amortecer, no mercado interno, os efeitos da disparada internacional do barril em meio \u00e0 guerra no Oriente M\u00e9dio. A proposta [&hellip;]<\/p>\n","protected":false},"author":1,"featured_media":0,"comment_status":"open","ping_status":"open","sticky":false,"template":"","format":"standard","meta":{"footnotes":""},"categories":[1],"tags":[],"class_list":["post-1488","post","type-post","status-publish","format-standard","hentry","category-brasil"],"_links":{"self":[{"href":"https:\/\/agoracariri.bops.com.br\/index.php?rest_route=\/wp\/v2\/posts\/1488","targetHints":{"allow":["GET"]}}],"collection":[{"href":"https:\/\/agoracariri.bops.com.br\/index.php?rest_route=\/wp\/v2\/posts"}],"about":[{"href":"https:\/\/agoracariri.bops.com.br\/index.php?rest_route=\/wp\/v2\/types\/post"}],"author":[{"embeddable":true,"href":"https:\/\/agoracariri.bops.com.br\/index.php?rest_route=\/wp\/v2\/users\/1"}],"replies":[{"embeddable":true,"href":"https:\/\/agoracariri.bops.com.br\/index.php?rest_route=%2Fwp%2Fv2%2Fcomments&post=1488"}],"version-history":[{"count":1,"href":"https:\/\/agoracariri.bops.com.br\/index.php?rest_route=\/wp\/v2\/posts\/1488\/revisions"}],"predecessor-version":[{"id":1508,"href":"https:\/\/agoracariri.bops.com.br\/index.php?rest_route=\/wp\/v2\/posts\/1488\/revisions\/1508"}],"wp:attachment":[{"href":"https:\/\/agoracariri.bops.com.br\/index.php?rest_route=%2Fwp%2Fv2%2Fmedia&parent=1488"}],"wp:term":[{"taxonomy":"category","embeddable":true,"href":"https:\/\/agoracariri.bops.com.br\/index.php?rest_route=%2Fwp%2Fv2%2Fcategories&post=1488"},{"taxonomy":"post_tag","embeddable":true,"href":"https:\/\/agoracariri.bops.com.br\/index.php?rest_route=%2Fwp%2Fv2%2Ftags&post=1488"}],"curies":[{"name":"wp","href":"https:\/\/api.w.org\/{rel}","templated":true}]}}