{"id":1486,"date":"2026-04-24T10:47:24","date_gmt":"2026-04-24T13:47:24","guid":{"rendered":"http:\/\/agoracariri.bops.com.br\/?p=1486"},"modified":"2026-04-24T10:47:24","modified_gmt":"2026-04-24T13:47:24","slug":"conselheiro-tutelar-morre-eletrocutado-na-zona-rural-de-sao-sebastiao-do-umbuzeiro","status":"publish","type":"post","link":"https:\/\/agoracariri.bops.com.br\/?p=1486","title":{"rendered":"Conselheiro tutelar morre eletrocutado na zona rural de S\u00e3o Sebasti\u00e3o do Umbuzeiro"},"content":{"rendered":"<p>Um homem de 38 anos morreu ap\u00f3s sofrer uma descarga el\u00e9trica na zona rural de S\u00e3o Sebasti\u00e3o do Umbuzeiro, no Cariri paraibano. A v\u00edtima foi identificada como Lucivando da Silva Lira, que atuava como conselheiro tutelar no munic\u00edpio.<\/p>\n<p>De acordo com informa\u00e7\u00f5es preliminares, o caso aconteceu no s\u00edtio Santo Ant\u00f4nio, em uma \u00e1rea de plantio de tomates. Lucivando estaria realizando a troca de uma l\u00e2mpada instalada em uma liga\u00e7\u00e3o improvisada \u2014 conhecida como \u201cgambiarra\u201d \u2014 utilizada para ilumina\u00e7\u00e3o noturna da planta\u00e7\u00e3o.<\/p>\n<p>Relatos apontam que, devido \u00e0s chuvas recentes, a estrutura el\u00e9trica pode estar molhada no momento da manuten\u00e7\u00e3o, o que teria provocado a descarga el\u00e9trica fatal.<\/p>\n<p>A morte do conselheiro tutelar gerou forte como\u00e7\u00e3o entre moradores da cidade, onde ele era conhecido pela atua\u00e7\u00e3o na defesa dos direitos de crian\u00e7as e adolescentes.<\/p>\n<p>As circunst\u00e2ncias do caso devem ser apuradas pelas autoridades competentes.<\/p>\n<p>De Olho no Cariri<\/p>\n<p>Jornalismo 95FM<\/p>\n<p>O post Conselheiro tutelar morre eletrocutado na zona rural de S\u00e3o Sebasti\u00e3o do Umbuzeiro apareceu primeiro em De Olho no Cariri.<\/p>\n","protected":false},"excerpt":{"rendered":"<p>Um homem de 38 anos morreu ap\u00f3s sofrer uma descarga el\u00e9trica na zona rural de S\u00e3o Sebasti\u00e3o do Umbuzeiro, no Cariri paraibano. A v\u00edtima foi identificada como Lucivando da Silva Lira, que atuava como conselheiro tutelar no munic\u00edpio. De acordo com informa\u00e7\u00f5es preliminares, o caso aconteceu no s\u00edtio Santo Ant\u00f4nio, em uma \u00e1rea de plantio [&hellip;]<\/p>\n","protected":false},"author":1,"featured_media":0,"comment_status":"open","ping_status":"open","sticky":false,"template":"","format":"standard","meta":{"footnotes":""},"categories":[1],"tags":[],"class_list":["post-1486","post","type-post","status-publish","format-standard","hentry","category-brasil"],"_links":{"self":[{"href":"https:\/\/agoracariri.bops.com.br\/index.php?rest_route=\/wp\/v2\/posts\/1486","targetHints":{"allow":["GET"]}}],"collection":[{"href":"https:\/\/agoracariri.bops.com.br\/index.php?rest_route=\/wp\/v2\/posts"}],"about":[{"href":"https:\/\/agoracariri.bops.com.br\/index.php?rest_route=\/wp\/v2\/types\/post"}],"author":[{"embeddable":true,"href":"https:\/\/agoracariri.bops.com.br\/index.php?rest_route=\/wp\/v2\/users\/1"}],"replies":[{"embeddable":true,"href":"https:\/\/agoracariri.bops.com.br\/index.php?rest_route=%2Fwp%2Fv2%2Fcomments&post=1486"}],"version-history":[{"count":1,"href":"https:\/\/agoracariri.bops.com.br\/index.php?rest_route=\/wp\/v2\/posts\/1486\/revisions"}],"predecessor-version":[{"id":1511,"href":"https:\/\/agoracariri.bops.com.br\/index.php?rest_route=\/wp\/v2\/posts\/1486\/revisions\/1511"}],"wp:attachment":[{"href":"https:\/\/agoracariri.bops.com.br\/index.php?rest_route=%2Fwp%2Fv2%2Fmedia&parent=1486"}],"wp:term":[{"taxonomy":"category","embeddable":true,"href":"https:\/\/agoracariri.bops.com.br\/index.php?rest_route=%2Fwp%2Fv2%2Fcategories&post=1486"},{"taxonomy":"post_tag","embeddable":true,"href":"https:\/\/agoracariri.bops.com.br\/index.php?rest_route=%2Fwp%2Fv2%2Ftags&post=1486"}],"curies":[{"name":"wp","href":"https:\/\/api.w.org\/{rel}","templated":true}]}}