{"id":1484,"date":"2026-04-24T10:55:36","date_gmt":"2026-04-24T13:55:36","guid":{"rendered":"http:\/\/agoracariri.bops.com.br\/?p=1484"},"modified":"2026-04-24T10:55:36","modified_gmt":"2026-04-24T13:55:36","slug":"vi-mostra-sume-de-cinema-abre-inscricoes-e-destaca-preservacao-da-memoria-cultural","status":"publish","type":"post","link":"https:\/\/agoracariri.bops.com.br\/?p=1484","title":{"rendered":"VI Mostra Sum\u00e9 de Cinema abre inscri\u00e7\u00f5es e destaca preserva\u00e7\u00e3o da mem\u00f3ria cultural"},"content":{"rendered":"<p>A cidade de Sum\u00e9 se prepara para receber mais uma edi\u00e7\u00e3o da Mostra Sum\u00e9 de Cinema. A sexta edi\u00e7\u00e3o do evento j\u00e1 tem data confirmada e contar\u00e1 com a abertura oficial das inscri\u00e7\u00f5es de filmes entre os dias 21 de abril e 30 de maio de 2026.<\/p>\n<p>Mais do que um festival, a edi\u00e7\u00e3o deste ano traz como destaque a valoriza\u00e7\u00e3o da mem\u00f3ria cultural. A identidade visual de 2026 foi inspirada na hist\u00f3ria do Cine Teatro Municipal de Sum\u00e9, espa\u00e7o que marcou gera\u00e7\u00f5es como palco de diversas express\u00f5es art\u00edsticas, como cinema, teatro, m\u00fasica e comunica\u00e7\u00e3o.<\/p>\n<p>Ao resgatar esse patrim\u00f4nio, a Mostra tamb\u00e9m levanta um debate importante sobre a preserva\u00e7\u00e3o e revitaliza\u00e7\u00e3o dos chamados \u201ccinemas de rua\u201d, reconhecendo esses espa\u00e7os como fundamentais para a constru\u00e7\u00e3o da identidade cultural das cidades.<\/p>\n<p>A proposta do evento refor\u00e7a o papel do cinema como instrumento de mem\u00f3ria, resist\u00eancia e express\u00e3o social, incentivando a produ\u00e7\u00e3o audiovisual e a participa\u00e7\u00e3o de novos realizadores.<\/p>\n<p>A organiza\u00e7\u00e3o convida cineastas e interessados a participarem da programa\u00e7\u00e3o, destacando que a Mostra \u00e9 um espa\u00e7o aberto \u00e0 arte, \u00e0 diversidade e \u00e0 valoriza\u00e7\u00e3o da cultura.<\/p>\n<p>As inscri\u00e7\u00f5es podem ser realizadas no per\u00edodo de 21 de abril a 30 de maio, por meio do link disponibilizado na bio oficial do evento.<\/p>\n<p>O post VI Mostra Sum\u00e9 de Cinema abre inscri\u00e7\u00f5es e destaca preserva\u00e7\u00e3o da mem\u00f3ria cultural apareceu primeiro em De Olho no Cariri.<\/p>\n","protected":false},"excerpt":{"rendered":"<p>A cidade de Sum\u00e9 se prepara para receber mais uma edi\u00e7\u00e3o da Mostra Sum\u00e9 de Cinema. A sexta edi\u00e7\u00e3o do evento j\u00e1 tem data confirmada e contar\u00e1 com a abertura oficial das inscri\u00e7\u00f5es de filmes entre os dias 21 de abril e 30 de maio de 2026. Mais do que um festival, a edi\u00e7\u00e3o deste [&hellip;]<\/p>\n","protected":false},"author":1,"featured_media":0,"comment_status":"open","ping_status":"open","sticky":false,"template":"","format":"standard","meta":{"footnotes":""},"categories":[1],"tags":[],"class_list":["post-1484","post","type-post","status-publish","format-standard","hentry","category-brasil"],"_links":{"self":[{"href":"https:\/\/agoracariri.bops.com.br\/index.php?rest_route=\/wp\/v2\/posts\/1484","targetHints":{"allow":["GET"]}}],"collection":[{"href":"https:\/\/agoracariri.bops.com.br\/index.php?rest_route=\/wp\/v2\/posts"}],"about":[{"href":"https:\/\/agoracariri.bops.com.br\/index.php?rest_route=\/wp\/v2\/types\/post"}],"author":[{"embeddable":true,"href":"https:\/\/agoracariri.bops.com.br\/index.php?rest_route=\/wp\/v2\/users\/1"}],"replies":[{"embeddable":true,"href":"https:\/\/agoracariri.bops.com.br\/index.php?rest_route=%2Fwp%2Fv2%2Fcomments&post=1484"}],"version-history":[{"count":1,"href":"https:\/\/agoracariri.bops.com.br\/index.php?rest_route=\/wp\/v2\/posts\/1484\/revisions"}],"predecessor-version":[{"id":1513,"href":"https:\/\/agoracariri.bops.com.br\/index.php?rest_route=\/wp\/v2\/posts\/1484\/revisions\/1513"}],"wp:attachment":[{"href":"https:\/\/agoracariri.bops.com.br\/index.php?rest_route=%2Fwp%2Fv2%2Fmedia&parent=1484"}],"wp:term":[{"taxonomy":"category","embeddable":true,"href":"https:\/\/agoracariri.bops.com.br\/index.php?rest_route=%2Fwp%2Fv2%2Fcategories&post=1484"},{"taxonomy":"post_tag","embeddable":true,"href":"https:\/\/agoracariri.bops.com.br\/index.php?rest_route=%2Fwp%2Fv2%2Ftags&post=1484"}],"curies":[{"name":"wp","href":"https:\/\/api.w.org\/{rel}","templated":true}]}}