{"id":1480,"date":"2026-04-24T09:14:04","date_gmt":"2026-04-24T12:14:04","guid":{"rendered":"http:\/\/agoracariri.bops.com.br\/?p=1480"},"modified":"2026-04-24T09:14:04","modified_gmt":"2026-04-24T12:14:04","slug":"inscricoes-para-concurso-da-prefeitura-de-aroeiras-pb-com-quase-100-vagas-e-salarios-de-ate-r-14-mil-comecam-nesta-sexta-feira-24","status":"publish","type":"post","link":"https:\/\/agoracariri.bops.com.br\/?p=1480","title":{"rendered":"Inscri\u00e7\u00f5es para concurso da Prefeitura de Aroeiras, PB, com quase 100 vagas e sal\u00e1rios de at\u00e9 R$ 14 mil come\u00e7am nesta sexta-feira (24)"},"content":{"rendered":"<p>Prova de concurso Reprodu\u00e7\u00e3o Freepik &#8211; https:\/\/br.freepik.com\/fotos-gratis\/mao-com-uma-escrita-da-pena-em-um-papel_978444.htm#fromView=search&amp;page=1&amp;position=0&amp;uuid=bc5272d0-8747-4fe0-a862-e05daf634180&amp;query=prova+de+concurso O prazo de inscri\u00e7\u00e3o para o concurso da Prefeitura de Aroeiras, no Agreste da Para\u00edba, come\u00e7a nesta sexta-feira (24).<\/p>\n<p>As taxas de inscri\u00e7\u00e3o variam de acordo com o n\u00edvel do cargo selecionado, sendo R$ 53,70 para o n\u00edvel fundamental, R$ 63,70 para o m\u00e9dio e R$ 103,70 para o superior. O pagamento da taxa poder\u00e1 ser feito at\u00e9 25 de maio. Os candidatos inscritos no Cad\u00danico (hipossuficientes), doadores de medula \u00f3ssea e doadores regulares de sangue poder\u00e3o solicitar a isen\u00e7\u00e3o da taxa.<\/p>\n<p>Para esses casos, o pedido de isen\u00e7\u00e3o poder\u00e1 ser realizado entre os dias 24 e 27 de abril. Veja os v\u00eddeos que est\u00e3o em alta no g1 Vagas dispon\u00edveis Professor de Ensino Fundamental I (1\u00ba ao 5\u00ba Ano e Educa\u00e7\u00e3o Infantil): 10 vagas Assistente Social: 2 vagas Cirurgi\u00e3o Dentista: 2 vagas Enfermeiro: 2 vagas Fonoaudi\u00f3logo: 2 vagas Arquiteto: 1 vaga Analista de Comunica\u00e7\u00e3o Social: 1 vaga Advogado do CREAS: 1 vaga Biom\u00e9dico Plantonista: 1 vaga Endodontista: 1 vaga Enfermeiro Plantonista: 1 vaga Engenheiro Agr\u00f4nomo: 1 vaga Farmac\u00eautico Plantonista: 1 vaga M\u00e9dico Cardiologista: 1 vaga M\u00e9dico Cl\u00ednico Geral: 1 vaga M\u00e9dico Endocrinologista: 1 vaga M\u00e9dico Neurologista: 1 vaga M\u00e9dico Pediatra: 1 vaga M\u00e9dico Radiologista: 1 vaga M\u00e9dico Urologista: 1 vaga M\u00e9dico Veterin\u00e1rio: 1 vaga Nutricionista: 1 vaga Professores de Ensino Fundamental II &#8211; L\u00edngua Portuguesa: 1 vaga Professores de Ensino Fundamental II &#8211; Matem\u00e1tica: 1 vaga Professores de Ensino Fundamental II &#8211; Educa\u00e7\u00e3o F\u00edsica: 1 vaga Professores de Ensino Fundamental II &#8211; Hist\u00f3ria: 1 vaga Professores de Ensino Fundamental II &#8211; Geografia: 1 vaga Professores de Ensino Fundamental II &#8211; Ci\u00eancias: 1vaga Professores de Ensino Fundamental II &#8211; Ingl\u00eas: 1 vaga Professores de Ensino Fundamental II &#8211; Artes: 1 vaga Professores de Ensino Fundamental II &#8211; Ensino Religioso: 1 vaga Professores de Ensino Fundamental II &#8211; Espanhol: 1 vaga Professores de Ensino Fundamental II &#8211; \u00c9tica: 1 vaga Psic\u00f3logo Educacional: 1 vaga Psic\u00f3logo: 1 vaga Psicopedagogo: 1 vaga Terapeuta Ocupacional: 1 vaga N\u00edvel M\u00e9dio e T\u00e9cnico Agente Administrativo: 4 vagas Agente Comunit\u00e1rio de Sa\u00fade (ACS): 3 vagas (sendo 01 para o Bairro Torres, 01 para o Conjunto CEHAP e 01 para o S\u00edtio Ponciano) Fiscal de Vigil\u00e2ncia Sanit\u00e1ria e Ambiental: 1 vaga Mec\u00e2nico: 1 vaga T\u00e9cnico de Laborat\u00f3rio: 1 vaga T\u00e9cnico do Trabalho: 1 vaga T\u00e9cnico em Radiologia: 1 vaga N\u00edvel Fundamental (Incompleto) Auxiliar de Servi\u00e7os Gerais: 20 vagas Auxiliar de Servi\u00e7os Gerais (Limpeza Urbana): 10 vagas Motorista Categoria B: 2 vagas Motorista Categoria D: 2 vagas Motorista de Transporte Escolar: 2 vagas Operador de M\u00e1quina Motoniveladora: 1 vaga O certame ser\u00e1 feito em duas etapas.<\/p>\n","protected":false},"excerpt":{"rendered":"<p>Prova de concurso Reprodu\u00e7\u00e3o Freepik &#8211; https:\/\/br.freepik.com\/fotos-gratis\/mao-com-uma-escrita-da-pena-em-um-papel_978444.htm#fromView=search&amp;page=1&amp;position=0&amp;uuid=bc5272d0-8747-4fe0-a862-e05daf634180&amp;query=prova+de+concurso O prazo de inscri\u00e7\u00e3o para o concurso da Prefeitura de Aroeiras, no Agreste da Para\u00edba, come\u00e7a nesta sexta-feira (24). As taxas de inscri\u00e7\u00e3o variam de acordo com o n\u00edvel do cargo selecionado, sendo R$ 53,70 para o n\u00edvel fundamental, R$ 63,70 para o m\u00e9dio e R$ 103,70 para [&hellip;]<\/p>\n","protected":false},"author":1,"featured_media":1481,"comment_status":"open","ping_status":"open","sticky":false,"template":"","format":"standard","meta":{"footnotes":""},"categories":[1],"tags":[],"class_list":["post-1480","post","type-post","status-publish","format-standard","has-post-thumbnail","hentry","category-brasil"],"_links":{"self":[{"href":"https:\/\/agoracariri.bops.com.br\/index.php?rest_route=\/wp\/v2\/posts\/1480","targetHints":{"allow":["GET"]}}],"collection":[{"href":"https:\/\/agoracariri.bops.com.br\/index.php?rest_route=\/wp\/v2\/posts"}],"about":[{"href":"https:\/\/agoracariri.bops.com.br\/index.php?rest_route=\/wp\/v2\/types\/post"}],"author":[{"embeddable":true,"href":"https:\/\/agoracariri.bops.com.br\/index.php?rest_route=\/wp\/v2\/users\/1"}],"replies":[{"embeddable":true,"href":"https:\/\/agoracariri.bops.com.br\/index.php?rest_route=%2Fwp%2Fv2%2Fcomments&post=1480"}],"version-history":[{"count":1,"href":"https:\/\/agoracariri.bops.com.br\/index.php?rest_route=\/wp\/v2\/posts\/1480\/revisions"}],"predecessor-version":[{"id":1496,"href":"https:\/\/agoracariri.bops.com.br\/index.php?rest_route=\/wp\/v2\/posts\/1480\/revisions\/1496"}],"wp:featuredmedia":[{"embeddable":true,"href":"https:\/\/agoracariri.bops.com.br\/index.php?rest_route=\/wp\/v2\/media\/1481"}],"wp:attachment":[{"href":"https:\/\/agoracariri.bops.com.br\/index.php?rest_route=%2Fwp%2Fv2%2Fmedia&parent=1480"}],"wp:term":[{"taxonomy":"category","embeddable":true,"href":"https:\/\/agoracariri.bops.com.br\/index.php?rest_route=%2Fwp%2Fv2%2Fcategories&post=1480"},{"taxonomy":"post_tag","embeddable":true,"href":"https:\/\/agoracariri.bops.com.br\/index.php?rest_route=%2Fwp%2Fv2%2Ftags&post=1480"}],"curies":[{"name":"wp","href":"https:\/\/api.w.org\/{rel}","templated":true}]}}