{"id":1478,"date":"2026-04-24T09:16:58","date_gmt":"2026-04-24T12:16:58","guid":{"rendered":"http:\/\/agoracariri.bops.com.br\/?p=1478"},"modified":"2026-04-24T09:16:58","modified_gmt":"2026-04-24T12:16:58","slug":"geraldo-azevedo-limao-com-mel-e-mais-qual-a-boa-do-fim-de-semana-24-25-e-26-de-abril-na-pb","status":"publish","type":"post","link":"https:\/\/agoracariri.bops.com.br\/?p=1478","title":{"rendered":"Geraldo Azevedo, Lim\u00e3o com Mel e mais: &#8216;Qual a Boa?&#8217; do fim de semana, 24, 25 e 26 de abril, na PB"},"content":{"rendered":"<p>Geraldo Azevedo lan\u00e7a o \u00e1lbum ao vivo &#039;Oitenta\u00e7\u00e3o&#039; na sexta-feira, 24 de abril Thiago Lemos \/ Divulga\u00e7\u00e3o A agenda cultural do &quot;Qual a Boa?&quot; traz festas, shows e outros eventos que acontecem na Para\u00edba neste fim de semana: sexta-feira (24), s\u00e1bado (25) e domingo (26). Entre os destaques est\u00e3o o show de Geraldo Azevedo, em Jo\u00e3o Pessoa, e a grava\u00e7\u00e3o do DVD de Lim\u00e3o com Mel, em Campina Grande.<\/p>\n","protected":false},"excerpt":{"rendered":"<p>Geraldo Azevedo lan\u00e7a o \u00e1lbum ao vivo &#039;Oitenta\u00e7\u00e3o&#039; na sexta-feira, 24 de abril Thiago Lemos \/ Divulga\u00e7\u00e3o A agenda cultural do &quot;Qual a Boa?&quot; traz festas, shows e outros eventos que acontecem na Para\u00edba neste fim de semana: sexta-feira (24), s\u00e1bado (25) e domingo (26). Entre os destaques est\u00e3o o show de Geraldo Azevedo, em [&hellip;]<\/p>\n","protected":false},"author":1,"featured_media":1479,"comment_status":"open","ping_status":"open","sticky":false,"template":"","format":"standard","meta":{"footnotes":""},"categories":[1],"tags":[],"class_list":["post-1478","post","type-post","status-publish","format-standard","has-post-thumbnail","hentry","category-brasil"],"_links":{"self":[{"href":"https:\/\/agoracariri.bops.com.br\/index.php?rest_route=\/wp\/v2\/posts\/1478","targetHints":{"allow":["GET"]}}],"collection":[{"href":"https:\/\/agoracariri.bops.com.br\/index.php?rest_route=\/wp\/v2\/posts"}],"about":[{"href":"https:\/\/agoracariri.bops.com.br\/index.php?rest_route=\/wp\/v2\/types\/post"}],"author":[{"embeddable":true,"href":"https:\/\/agoracariri.bops.com.br\/index.php?rest_route=\/wp\/v2\/users\/1"}],"replies":[{"embeddable":true,"href":"https:\/\/agoracariri.bops.com.br\/index.php?rest_route=%2Fwp%2Fv2%2Fcomments&post=1478"}],"version-history":[{"count":1,"href":"https:\/\/agoracariri.bops.com.br\/index.php?rest_route=\/wp\/v2\/posts\/1478\/revisions"}],"predecessor-version":[{"id":1497,"href":"https:\/\/agoracariri.bops.com.br\/index.php?rest_route=\/wp\/v2\/posts\/1478\/revisions\/1497"}],"wp:featuredmedia":[{"embeddable":true,"href":"https:\/\/agoracariri.bops.com.br\/index.php?rest_route=\/wp\/v2\/media\/1479"}],"wp:attachment":[{"href":"https:\/\/agoracariri.bops.com.br\/index.php?rest_route=%2Fwp%2Fv2%2Fmedia&parent=1478"}],"wp:term":[{"taxonomy":"category","embeddable":true,"href":"https:\/\/agoracariri.bops.com.br\/index.php?rest_route=%2Fwp%2Fv2%2Fcategories&post=1478"},{"taxonomy":"post_tag","embeddable":true,"href":"https:\/\/agoracariri.bops.com.br\/index.php?rest_route=%2Fwp%2Fv2%2Ftags&post=1478"}],"curies":[{"name":"wp","href":"https:\/\/api.w.org\/{rel}","templated":true}]}}