{"id":1464,"date":"2026-04-23T22:23:18","date_gmt":"2026-04-24T01:23:18","guid":{"rendered":"http:\/\/agoracariri.bops.com.br\/?p=1464"},"modified":"2026-04-23T22:23:18","modified_gmt":"2026-04-24T01:23:18","slug":"policia-abre-investigacao-sobre-morte-de-motociclista-apos-discussao-com-motorista-de-onibus-em-joao-pessoa","status":"publish","type":"post","link":"https:\/\/agoracariri.bops.com.br\/?p=1464","title":{"rendered":"Pol\u00edcia abre investiga\u00e7\u00e3o sobre morte de motociclista ap\u00f3s discuss\u00e3o com motorista de \u00f4nibus, em Jo\u00e3o Pessoa"},"content":{"rendered":"<p>Frente do \u00f4nbius ap\u00f3s a situa\u00e7\u00e3o em Cui\u00e1, em Jo\u00e3o Pessoa Fl\u00e1vio Fernandes\/TV Cabo Branco A Pol\u00edcia Civil abriu uma investiga\u00e7\u00e3o sobre a morte de um motociclista ap\u00f3s uma discuss\u00e3o com um motorista de \u00f4nibus, no bairro do Cui\u00e1, em Jo\u00e3o Pessoa, na tarde desta quinta-feira (23). A informa\u00e7\u00e3o foi confirmada para a TV Cabo Branco.<\/p>\n<p>O \u00f4nibus passou por per\u00edcia posterior, j\u00e1 que o motorista do ve\u00edculo fugiu depois do ocorrido. Na per\u00edcia realizada no \u00f4nbus, o IPC encontrou resqu\u00edcios massa encef\u00e1lica no pneu esquerdo traseiro do vepiculo, al\u00e9m da lataria destru\u00edda na parte dianteira. Imagens de c\u00e2meras de seguran\u00e7a de um estabelecimento pr\u00f3ximo v\u00e3o ser disponibilizadas para o inqu\u00e9rito, de acordo com a Pol\u00edcia Civil.<\/p>\n<p>Antes da investiga\u00e7\u00e3o aberta, preliminarmente a Pol\u00edcia Militar informou que testemunhas relataram que o desentendimento come\u00e7ou ap\u00f3s uma troca de acusa\u00e7\u00f5es entre os dois condutores. Durante a confus\u00e3o, o motociclista teria pegado uma pedra com a inten\u00e7\u00e3o de arremess\u00e1-la contra o \u00f4nibus. Em seguida, o motorista do transporte coletivo avan\u00e7ou o ve\u00edculo e atingiu o motociclista.<\/p>\n<p>Em nota enviada ao g1, o Sindicato das Empresas de Transporte Coletivo Urbano de Jo\u00e3o Pessoa (Sintur-JP) negou que tenha havido discuss\u00e3o entre o motorista do \u00f4nibus e o motociclista. Segundo a entidade, com base no relato do condutor do transporte coletivo, o ve\u00edculo trafegava dentro do limite de velocidade da via quando o motociclista caiu \u00e0 sua frente, n\u00e3o sendo poss\u00edvel evitar o atropelamento.<\/p>\n<p>Diante do ocorrido, outras duas pessoas, de 29 e 56 anos, ficaram feridas e foram socorridas para o Hospital de Trauma de Jo\u00e3o Pessoa. De acordo com a unidade hospitalar, o quadro de sa\u00fade delas \u00e9 est\u00e1vel. A identidade do motociclista que morreu n\u00e3o foi divulgada. O sindicato informou ainda que o motorista se apresentou \u00e0 Central de Pol\u00edcia e est\u00e1 \u00e0 disposi\u00e7\u00e3o das autoridades.<\/p>\n","protected":false},"excerpt":{"rendered":"<p>Frente do \u00f4nbius ap\u00f3s a situa\u00e7\u00e3o em Cui\u00e1, em Jo\u00e3o Pessoa Fl\u00e1vio Fernandes\/TV Cabo Branco A Pol\u00edcia Civil abriu uma investiga\u00e7\u00e3o sobre a morte de um motociclista ap\u00f3s uma discuss\u00e3o com um motorista de \u00f4nibus, no bairro do Cui\u00e1, em Jo\u00e3o Pessoa, na tarde desta quinta-feira (23). A informa\u00e7\u00e3o foi confirmada para a TV Cabo [&hellip;]<\/p>\n","protected":false},"author":1,"featured_media":1465,"comment_status":"open","ping_status":"open","sticky":false,"template":"","format":"standard","meta":{"footnotes":""},"categories":[4],"tags":[],"class_list":["post-1464","post","type-post","status-publish","format-standard","has-post-thumbnail","hentry","category-policial"],"_links":{"self":[{"href":"https:\/\/agoracariri.bops.com.br\/index.php?rest_route=\/wp\/v2\/posts\/1464","targetHints":{"allow":["GET"]}}],"collection":[{"href":"https:\/\/agoracariri.bops.com.br\/index.php?rest_route=\/wp\/v2\/posts"}],"about":[{"href":"https:\/\/agoracariri.bops.com.br\/index.php?rest_route=\/wp\/v2\/types\/post"}],"author":[{"embeddable":true,"href":"https:\/\/agoracariri.bops.com.br\/index.php?rest_route=\/wp\/v2\/users\/1"}],"replies":[{"embeddable":true,"href":"https:\/\/agoracariri.bops.com.br\/index.php?rest_route=%2Fwp%2Fv2%2Fcomments&post=1464"}],"version-history":[{"count":1,"href":"https:\/\/agoracariri.bops.com.br\/index.php?rest_route=\/wp\/v2\/posts\/1464\/revisions"}],"predecessor-version":[{"id":1474,"href":"https:\/\/agoracariri.bops.com.br\/index.php?rest_route=\/wp\/v2\/posts\/1464\/revisions\/1474"}],"wp:featuredmedia":[{"embeddable":true,"href":"https:\/\/agoracariri.bops.com.br\/index.php?rest_route=\/wp\/v2\/media\/1465"}],"wp:attachment":[{"href":"https:\/\/agoracariri.bops.com.br\/index.php?rest_route=%2Fwp%2Fv2%2Fmedia&parent=1464"}],"wp:term":[{"taxonomy":"category","embeddable":true,"href":"https:\/\/agoracariri.bops.com.br\/index.php?rest_route=%2Fwp%2Fv2%2Fcategories&post=1464"},{"taxonomy":"post_tag","embeddable":true,"href":"https:\/\/agoracariri.bops.com.br\/index.php?rest_route=%2Fwp%2Fv2%2Ftags&post=1464"}],"curies":[{"name":"wp","href":"https:\/\/api.w.org\/{rel}","templated":true}]}}