{"id":1457,"date":"2026-04-23T20:35:02","date_gmt":"2026-04-23T23:35:02","guid":{"rendered":"http:\/\/agoracariri.bops.com.br\/?p=1457"},"modified":"2026-04-23T20:35:02","modified_gmt":"2026-04-23T23:35:02","slug":"homem-e-encontrado-morto-em-quarto-de-motel-no-sertao-da-pb-e-policia-investiga","status":"publish","type":"post","link":"https:\/\/agoracariri.bops.com.br\/?p=1457","title":{"rendered":"Homem \u00e9 encontrado morto em quarto de motel no Sert\u00e3o da PB e pol\u00edcia investiga"},"content":{"rendered":"<p>Sirene Pol\u00edcia Militar Reprodu\u00e7\u00e3o Google Um homem de 29 anos foi encontrado morto na noite de quarta-feira (22) em um quarto de motel que fica localizado \u00e0s margens da BR-361 em Patos, no Sert\u00e3o da Para\u00edba. A v\u00edtima foi identificada como Danilo N\u00f3brega Vieira. A informa\u00e7\u00e3o s\u00f3 foi divulgada pela Pol\u00edcia Civil nesta quinta-feira (23).<\/p>\n<p>Diante da situa\u00e7\u00e3o, o casal acionou o Servi\u00e7o de Atendimento M\u00f3vel de Urg\u00eancia (Samu), que constatou a morte de Danilo ainda no interior do quarto. A pol\u00edcia n\u00e3o explicou a liga\u00e7\u00e3o entre o casal e a v\u00edtima. Segundo o delegado, havia objetos quebrados no c\u00f4modo no momento da chegada da pol\u00edcia. Apesar disso, o corpo n\u00e3o apresentava sinais aparentes de viol\u00eancia.<\/p>\n<p>At\u00e9 a \u00faltima atualiza\u00e7\u00e3o desta reportagem, o caso \u00e9 tratado como morte a esclarecer. O corpo foi encaminhado ao N\u00facleo de Medicina e Odontologia Legal (Numol), onde devem ser feitos exames toxicol\u00f3gicos e tanatosc\u00f3picos para determinar a causa da morte. A Pol\u00edcia Civil instaurou inqu\u00e9rito para apurar as circunst\u00e2ncias do caso.<\/p>\n","protected":false},"excerpt":{"rendered":"<p>Sirene Pol\u00edcia Militar Reprodu\u00e7\u00e3o Google Um homem de 29 anos foi encontrado morto na noite de quarta-feira (22) em um quarto de motel que fica localizado \u00e0s margens da BR-361 em Patos, no Sert\u00e3o da Para\u00edba. A v\u00edtima foi identificada como Danilo N\u00f3brega Vieira. A informa\u00e7\u00e3o s\u00f3 foi divulgada pela Pol\u00edcia Civil nesta quinta-feira (23). [&hellip;]<\/p>\n","protected":false},"author":1,"featured_media":1458,"comment_status":"open","ping_status":"open","sticky":false,"template":"","format":"standard","meta":{"footnotes":""},"categories":[4],"tags":[],"class_list":["post-1457","post","type-post","status-publish","format-standard","has-post-thumbnail","hentry","category-policial"],"_links":{"self":[{"href":"https:\/\/agoracariri.bops.com.br\/index.php?rest_route=\/wp\/v2\/posts\/1457","targetHints":{"allow":["GET"]}}],"collection":[{"href":"https:\/\/agoracariri.bops.com.br\/index.php?rest_route=\/wp\/v2\/posts"}],"about":[{"href":"https:\/\/agoracariri.bops.com.br\/index.php?rest_route=\/wp\/v2\/types\/post"}],"author":[{"embeddable":true,"href":"https:\/\/agoracariri.bops.com.br\/index.php?rest_route=\/wp\/v2\/users\/1"}],"replies":[{"embeddable":true,"href":"https:\/\/agoracariri.bops.com.br\/index.php?rest_route=%2Fwp%2Fv2%2Fcomments&post=1457"}],"version-history":[{"count":1,"href":"https:\/\/agoracariri.bops.com.br\/index.php?rest_route=\/wp\/v2\/posts\/1457\/revisions"}],"predecessor-version":[{"id":1471,"href":"https:\/\/agoracariri.bops.com.br\/index.php?rest_route=\/wp\/v2\/posts\/1457\/revisions\/1471"}],"wp:featuredmedia":[{"embeddable":true,"href":"https:\/\/agoracariri.bops.com.br\/index.php?rest_route=\/wp\/v2\/media\/1458"}],"wp:attachment":[{"href":"https:\/\/agoracariri.bops.com.br\/index.php?rest_route=%2Fwp%2Fv2%2Fmedia&parent=1457"}],"wp:term":[{"taxonomy":"category","embeddable":true,"href":"https:\/\/agoracariri.bops.com.br\/index.php?rest_route=%2Fwp%2Fv2%2Fcategories&post=1457"},{"taxonomy":"post_tag","embeddable":true,"href":"https:\/\/agoracariri.bops.com.br\/index.php?rest_route=%2Fwp%2Fv2%2Ftags&post=1457"}],"curies":[{"name":"wp","href":"https:\/\/api.w.org\/{rel}","templated":true}]}}