{"id":1455,"date":"2026-04-23T19:57:12","date_gmt":"2026-04-23T22:57:12","guid":{"rendered":"http:\/\/agoracariri.bops.com.br\/?p=1455"},"modified":"2026-04-23T19:57:12","modified_gmt":"2026-04-23T22:57:12","slug":"discussao-de-transito-entre-motorista-de-onibus-e-motociclista-termina-com-um-morto-e-dois-feridos-em-joao-pessoa","status":"publish","type":"post","link":"https:\/\/agoracariri.bops.com.br\/?p=1455","title":{"rendered":"Discuss\u00e3o de tr\u00e2nsito entre motorista de \u00f4nibus e motociclista termina com um morto e dois feridos, em Jo\u00e3o Pessoa"},"content":{"rendered":"<p>Discuss\u00e3o de tr\u00e2nsito entre motorista de \u00f4nibus e motociclista termina com um morto e dois feridos, em Jo\u00e3o Pessoa Diogo Pinheiro\/TV Cabo Branco Uma discuss\u00e3o de tr\u00e2nsito entre um motorista de \u00f4nibus e um motociclista terminou com um morto e dois feridos na tarde desta quinta-feira (23), no bairro do Cui\u00e1, na Zona Sul de Jo\u00e3o Pessoa.<\/p>\n<p>Em seguida, o motorista do transporte coletivo avan\u00e7ou o ve\u00edculo e atingiu o motociclista. O condutor do \u00f4nibus fugiu do local logo ap\u00f3s o ocorrido e, at\u00e9 a \u00faltima atualiza\u00e7\u00e3o desta reportagem, n\u00e3o havia sido localizado. Diante do ocorrido, outras duas pessoas, de 29 e 56 anos, ficaram feridas e foram socorridas para o Hospital de Trauma de Jo\u00e3o Pessoa.<\/p>\n<p>De acordo com a unidade hospitalar, o quadro de sa\u00fade delas \u00e9 est\u00e1vel. A identidade do motociclista que morreu n\u00e3o foi divulgada. O g1 entrou em contato com o Sindicato das Empresas de Transporte Coletivo Urbano de Jo\u00e3o Pessoa (Sintur-JP), mas, at\u00e9 a publica\u00e7\u00e3o desta reportagem, n\u00e3o houve posicionamento sobre o caso.<\/p>\n","protected":false},"excerpt":{"rendered":"<p>Discuss\u00e3o de tr\u00e2nsito entre motorista de \u00f4nibus e motociclista termina com um morto e dois feridos, em Jo\u00e3o Pessoa Diogo Pinheiro\/TV Cabo Branco Uma discuss\u00e3o de tr\u00e2nsito entre um motorista de \u00f4nibus e um motociclista terminou com um morto e dois feridos na tarde desta quinta-feira (23), no bairro do Cui\u00e1, na Zona Sul de [&hellip;]<\/p>\n","protected":false},"author":1,"featured_media":1456,"comment_status":"open","ping_status":"open","sticky":false,"template":"","format":"standard","meta":{"footnotes":""},"categories":[1],"tags":[],"class_list":["post-1455","post","type-post","status-publish","format-standard","has-post-thumbnail","hentry","category-brasil"],"_links":{"self":[{"href":"https:\/\/agoracariri.bops.com.br\/index.php?rest_route=\/wp\/v2\/posts\/1455","targetHints":{"allow":["GET"]}}],"collection":[{"href":"https:\/\/agoracariri.bops.com.br\/index.php?rest_route=\/wp\/v2\/posts"}],"about":[{"href":"https:\/\/agoracariri.bops.com.br\/index.php?rest_route=\/wp\/v2\/types\/post"}],"author":[{"embeddable":true,"href":"https:\/\/agoracariri.bops.com.br\/index.php?rest_route=\/wp\/v2\/users\/1"}],"replies":[{"embeddable":true,"href":"https:\/\/agoracariri.bops.com.br\/index.php?rest_route=%2Fwp%2Fv2%2Fcomments&post=1455"}],"version-history":[{"count":1,"href":"https:\/\/agoracariri.bops.com.br\/index.php?rest_route=\/wp\/v2\/posts\/1455\/revisions"}],"predecessor-version":[{"id":1469,"href":"https:\/\/agoracariri.bops.com.br\/index.php?rest_route=\/wp\/v2\/posts\/1455\/revisions\/1469"}],"wp:featuredmedia":[{"embeddable":true,"href":"https:\/\/agoracariri.bops.com.br\/index.php?rest_route=\/wp\/v2\/media\/1456"}],"wp:attachment":[{"href":"https:\/\/agoracariri.bops.com.br\/index.php?rest_route=%2Fwp%2Fv2%2Fmedia&parent=1455"}],"wp:term":[{"taxonomy":"category","embeddable":true,"href":"https:\/\/agoracariri.bops.com.br\/index.php?rest_route=%2Fwp%2Fv2%2Fcategories&post=1455"},{"taxonomy":"post_tag","embeddable":true,"href":"https:\/\/agoracariri.bops.com.br\/index.php?rest_route=%2Fwp%2Fv2%2Ftags&post=1455"}],"curies":[{"name":"wp","href":"https:\/\/api.w.org\/{rel}","templated":true}]}}